{"id":138016,"date":"2023-11-21T17:24:43","date_gmt":"2023-11-21T20:24:43","guid":{"rendered":"https:\/\/centraldeportes.com.ar\/?p=45287"},"modified":"2025-02-12T23:11:32","modified_gmt":"2025-02-13T02:11:32","slug":"jugaron-la-edicion-2023-de-la-copa-gonzalo-salias","status":"publish","type":"post","link":"https:\/\/cdnoticias.com\/index.php\/2023\/11\/21\/jugaron-la-edicion-2023-de-la-copa-gonzalo-salias\/","title":{"rendered":"Jugaron la edici\u00f3n 2023 de la \u201cCopa Gonzalo Sal\u00edas\u201d"},"content":{"rendered":"<p>Se jug\u00f3 una nueva edici\u00f3n de la \u201cCopa Gonzalo Sal\u00edas\u201d en el Complejo Lagartos y hubo actividad para nueve categor\u00edas en dos fines de semana.<!--more--><\/p>\n<hr \/>\n<p>El primer fin de semana de noviembre abrieron la competencia las categor\u00edas Pares y en Quinta Caballeros, la dupla D\u00edaz-Mart\u00ednez se qued\u00f3 con el certamen tras vencer en la final a la dupla Falasco-Peralta por 6\/3, 3\/6 y 6\/3.<\/p>\n<p>&nbsp;<\/p>\n<p>En Sexta Caballeros, Herrera y Casenave superaron en la final a la dupla de Louge y Pronino por 7\/6 y 7\/5. Adem\u00e1s, Cunioli \u2013 Tayeldyn lograron el t\u00edtulo de S\u00e9ptima B Caballeros al superar por 6\/4 y 6\/3 a Oliv\u00e1n \u2013 Rivero.<\/p>\n<p>&nbsp;<\/p>\n<p>Entre las Damas, en Sexta, la pareja integrada por Caballero y Nieto le ganaron la final a Alb\u00edn y Alsina por 6\/3, 3\/6 y 6\/0 y en S\u00e9ptima B, Iriart-Moriones se consagraron campeonas al vencer a Potes-Constanzo por un doble 6\/4.<\/p>\n<p>&nbsp;<\/p>\n<p><img data-recalc-dims=\"1\" loading=\"lazy\" decoding=\"async\" class=\"aligncenter size-full wp-image-45289\" src=\"https:\/\/i0.wp.com\/cdnoticias.com\/wp-content\/uploads\/2023\/11\/copa-gonza-salias1-e1700598240435.jpg?resize=693%2C377&#038;ssl=1\" alt=\"\" width=\"693\" height=\"377\" \/><\/p>\n<p>&nbsp;<\/p>\n<p>Luego, en la continuidad del certamen homenaje, jugaron las Categor\u00edas Impares, donde en Tercera fue festejo para el equipo de Ressia y Rossi luego de vencer a Ciano \u2013 Weryng por 6\/4 y 7\/6.<\/p>\n<p>&nbsp;<\/p>\n<p>Quinta Libre qued\u00f3 a favor de Falasco y Peralta que se adjudicaron el certamen al ganarle a Block \u2013 Burnet por 6\/4 y 6\/3 y en S\u00e9ptima, el t\u00edtulo qued\u00f3 en poder de la dupla integrada por Zurita y De Lucia, que venci\u00f3 en la final a Trapani y Fern\u00e1ndez por 7\/5 y 6\/3.<\/p>\n<p>&nbsp;<\/p>\n<p>Por el lado de las Damas, en S\u00e9ptima, Leo y Rojas fueron las triunfadoras al superar en el partido decisivo a Moraga y Cipr\u00e9s por 7\/5 y 6\/4.<\/p>\n<p>&nbsp;<\/p>\n","protected":false},"excerpt":{"rendered":"<p>Se jug\u00f3 una nueva edici\u00f3n de la \u201cCopa Gonzalo Sal\u00edas\u201d en el Complejo Lagartos y hubo actividad para nueve categor\u00edas<\/p>\n","protected":false},"author":96739694,"featured_media":158705,"comment_status":"closed","ping_status":"closed","sticky":false,"template":"","format":"standard","meta":{"_jetpack_memberships_contains_paid_content":false,"footnotes":""},"categories":[1,55],"tags":[],"class_list":["post-138016","post","type-post","status-publish","format-standard","has-post-thumbnail","hentry","category-portada","category-tenis-padel"],"jetpack_featured_media_url":"https:\/\/i0.wp.com\/cdnoticias.com\/wp-content\/uploads\/2023\/11\/acop1-e1700598227310.jpg?fit=719%2C373&ssl=1","jetpack_sharing_enabled":true,"_links":{"self":[{"href":"https:\/\/cdnoticias.com\/index.php\/wp-json\/wp\/v2\/posts\/138016","targetHints":{"allow":["GET"]}}],"collection":[{"href":"https:\/\/cdnoticias.com\/index.php\/wp-json\/wp\/v2\/posts"}],"about":[{"href":"https:\/\/cdnoticias.com\/index.php\/wp-json\/wp\/v2\/types\/post"}],"author":[{"embeddable":true,"href":"https:\/\/cdnoticias.com\/index.php\/wp-json\/wp\/v2\/users\/96739694"}],"replies":[{"embeddable":true,"href":"https:\/\/cdnoticias.com\/index.php\/wp-json\/wp\/v2\/comments?post=138016"}],"version-history":[{"count":0,"href":"https:\/\/cdnoticias.com\/index.php\/wp-json\/wp\/v2\/posts\/138016\/revisions"}],"wp:featuredmedia":[{"embeddable":true,"href":"https:\/\/cdnoticias.com\/index.php\/wp-json\/wp\/v2\/media\/158705"}],"wp:attachment":[{"href":"https:\/\/cdnoticias.com\/index.php\/wp-json\/wp\/v2\/media?parent=138016"}],"wp:term":[{"taxonomy":"category","embeddable":true,"href":"https:\/\/cdnoticias.com\/index.php\/wp-json\/wp\/v2\/categories?post=138016"},{"taxonomy":"post_tag","embeddable":true,"href":"https:\/\/cdnoticias.com\/index.php\/wp-json\/wp\/v2\/tags?post=138016"}],"curies":[{"name":"wp","href":"https:\/\/api.w.org\/{rel}","templated":true}]}}