{"id":138015,"date":"2023-11-21T14:35:21","date_gmt":"2023-11-21T17:35:21","guid":{"rendered":"https:\/\/centraldeportes.com.ar\/?p=45283"},"modified":"2025-02-12T23:11:33","modified_gmt":"2025-02-13T02:11:33","slug":"jornada-de-torneo-en-la-pista-municipal-cecilia-marcovecchio","status":"publish","type":"post","link":"https:\/\/cdnoticias.com\/index.php\/2023\/11\/21\/jornada-de-torneo-en-la-pista-municipal-cecilia-marcovecchio\/","title":{"rendered":"Jornada de torneo en la pista municipal &#8220;Cecilia Marcovecchio&#8221;"},"content":{"rendered":"<p>Durante el transcurso del \u00faltimo fin de semana, la pista municipal de atletismo volvi\u00f3 a ser sede de una verdadera fiesta del deporte, ya que recibi\u00f3 un Torneo de Pista y Campo del que tomaron parte m\u00e1s de un centenar de atletas del centro bonaerense.<!--more--><\/p>\n<hr \/>\n<p>El evento fue organizado de manera conjunta por la Escuela Municipal de Atletismo y la Escuela de Atletismo del Club El Fort\u00edn y se desarroll\u00f3 durante la jornada del s\u00e1bado, con pruebas que se iniciaron a la ma\u00f1ana y se prolongaron hasta la tarde.<\/p>\n<p>&nbsp;<\/p>\n<p>Se desarrollaron competencias de velocidad y de fondo, como as\u00ed tambi\u00e9n de lanzamiento (bala y pelota de softbol) y salto.<\/p>\n<p>&nbsp;<\/p>\n<p>Adem\u00e1s de atletas de nuestra ciudad, arribaron competidores de ciudades tales como Tandil, Laprida, Cachar\u00ed, Azul, Balcarce, 25 de Mayo, Chillar y Olavarr\u00eda.<\/p>\n<p>&nbsp;<\/p>\n<p>Uno de los puntos destacados que dej\u00f3 la jornada fue la importante participaci\u00f3n que tuvieron las pruebas de mini atletismo, es decir las competencias protagonizadas por chicos y chicas de entre 3 y 9 a\u00f1os.<\/p>\n<p>&nbsp;<\/p>\n<p><em>Sumate a la Escuela Municipal de Atletismo<\/em><\/p>\n<p>&nbsp;<\/p>\n<p>La Escuela Municipal de Atletismo posee una concurrida actividad durante todo el a\u00f1o, tomando parte activa de las distintas pruebas y competencias que se realizan no s\u00f3lo en nuestra ciudad, sino tambi\u00e9n en la regi\u00f3n. Inclusive, atletas de la misma integraron recientemente el equipo de Olavarr\u00eda en la final de los Juegos Bonaerense, protagonizando destacadas actuaciones.<\/p>\n<p>&nbsp;<\/p>\n<p>La propuesta es libre y gratuita, partir de los 5 a\u00f1os. Las personas interesadas deber\u00e1n \u00fanicamente acercarse los d\u00edas de actividad a la pista ubicada en el Parque Avellaneda. All\u00ed los profesores a cargo los asesorar\u00e1n en la inscripci\u00f3n y podr\u00e1n sumarse a la Escuela Municipal de Atletismo.<\/p>\n<p>&nbsp;<\/p>\n<p>Las clases para chicos y chicas de entre 5 y 9 a\u00f1os se ofrecen los martes y jueves 17:30 a 18:30 horas, mientras que a partir de los 10 a\u00f1os se lo hace de lunes a jueves a partir de las 15:30.<\/p>\n","protected":false},"excerpt":{"rendered":"<p>Durante el transcurso del \u00faltimo fin de semana, la pista municipal de atletismo volvi\u00f3 a ser sede de una verdadera<\/p>\n","protected":false},"author":96739694,"featured_media":158708,"comment_status":"closed","ping_status":"closed","sticky":false,"template":"","format":"standard","meta":{"_jetpack_memberships_contains_paid_content":false,"footnotes":""},"categories":[38,1],"tags":[],"class_list":["post-138015","post","type-post","status-publish","format-standard","has-post-thumbnail","hentry","category-pedestrismo","category-portada"],"jetpack_featured_media_url":"https:\/\/i0.wp.com\/cdnoticias.com\/wp-content\/uploads\/2023\/11\/Deportes-Torneo-de-Atletismo-1.jpeg?fit=1600%2C900&ssl=1","jetpack_sharing_enabled":true,"_links":{"self":[{"href":"https:\/\/cdnoticias.com\/index.php\/wp-json\/wp\/v2\/posts\/138015","targetHints":{"allow":["GET"]}}],"collection":[{"href":"https:\/\/cdnoticias.com\/index.php\/wp-json\/wp\/v2\/posts"}],"about":[{"href":"https:\/\/cdnoticias.com\/index.php\/wp-json\/wp\/v2\/types\/post"}],"author":[{"embeddable":true,"href":"https:\/\/cdnoticias.com\/index.php\/wp-json\/wp\/v2\/users\/96739694"}],"replies":[{"embeddable":true,"href":"https:\/\/cdnoticias.com\/index.php\/wp-json\/wp\/v2\/comments?post=138015"}],"version-history":[{"count":0,"href":"https:\/\/cdnoticias.com\/index.php\/wp-json\/wp\/v2\/posts\/138015\/revisions"}],"wp:featuredmedia":[{"embeddable":true,"href":"https:\/\/cdnoticias.com\/index.php\/wp-json\/wp\/v2\/media\/158708"}],"wp:attachment":[{"href":"https:\/\/cdnoticias.com\/index.php\/wp-json\/wp\/v2\/media?parent=138015"}],"wp:term":[{"taxonomy":"category","embeddable":true,"href":"https:\/\/cdnoticias.com\/index.php\/wp-json\/wp\/v2\/categories?post=138015"},{"taxonomy":"post_tag","embeddable":true,"href":"https:\/\/cdnoticias.com\/index.php\/wp-json\/wp\/v2\/tags?post=138015"}],"curies":[{"name":"wp","href":"https:\/\/api.w.org\/{rel}","templated":true}]}}