{"id":138012,"date":"2023-11-20T22:40:41","date_gmt":"2023-11-21T01:40:41","guid":{"rendered":"https:\/\/centraldeportes.com.ar\/?p=45263"},"modified":"2025-02-12T23:11:37","modified_gmt":"2025-02-13T02:11:37","slug":"estudiantes-en-u19-es-el-primer-campeon-de-las-inferiores","status":"publish","type":"post","link":"https:\/\/cdnoticias.com\/index.php\/2023\/11\/20\/estudiantes-en-u19-es-el-primer-campeon-de-las-inferiores\/","title":{"rendered":"Estudiantes, en U19, es el primer campe\u00f3n de las Inferiores"},"content":{"rendered":"\n<div class=\"wp-block-group is-layout-constrained wp-block-group-is-layout-constrained\">\n<p>Este lunes, en el Juan Manolio se jug\u00f3 el Final Four del Torneo Oficial en la categor\u00eda U19 y Estudiantes se consagr\u00f3 campe\u00f3n.<!--more--><\/p>\n<hr \/>\n<p>El certamen anual para las categor\u00edas formativas organizado por la Asociaci\u00f3n de B\u00e1squet de Olavarr\u00eda tuvo a su primer campe\u00f3n y fue Estudiantes que venci\u00f3 a su cl\u00e1sico rival.<\/p>\n<p>\u00a0<\/p>\n<p>Durante la jornada del lunes, se jugaron Semifinales y definici\u00f3n por puesto para la categor\u00eda mayor del b\u00e1squet formativo con la participaci\u00f3n de Racing, Estudiantes, Independiente y Chacarita y termin\u00f3 siendo festejo \u201cBataraz\u201d en una re\u00f1ida definici\u00f3n.<\/p>\n<p>\u00a0<\/p>\n<p>[soliloquy id=&#8221;45242&#8243;]<\/p>\n<p>\u00a0<\/p>\n<ul>\n<li>\n<h6><strong>Los resultados:<\/strong><\/h6>\n<\/li>\n<\/ul>\n<p>\u00a0<\/p>\n<h6>U19<\/h6>\n<p><strong>Semifinales:<\/strong><\/p>\n<p>Racing Azul <strong>83 \u2013 47<\/strong> Independiente<\/p>\n<p>Estudiantes <strong>81 \u2013 70<\/strong> Chacarita Negro<\/p>\n<p>\u00a0<\/p>\n<p><strong>Tercer y Cuarto puesto:<\/strong><\/p>\n<p>Independiente <strong>76 (68) \u2013 74 (68)<\/strong> Chacarita Negro<\/p>\n<p>\u00a0<\/p>\n<p><strong>Final:<\/strong><\/p>\n<p>Racing Azul <strong>57 \u2013 61<\/strong> Estudiantes<\/p>\n<\/div>\n","protected":false},"excerpt":{"rendered":"<p>Este lunes, en el Juan Manolio se jug\u00f3 el Final Four del Torneo Oficial en la categor\u00eda U19 y Estudiantes<\/p>\n","protected":false},"author":96739694,"featured_media":158714,"comment_status":"closed","ping_status":"closed","sticky":false,"template":"","format":"standard","meta":{"_jetpack_memberships_contains_paid_content":false,"footnotes":""},"categories":[31,44,1],"tags":[],"class_list":["post-138012","post","type-post","status-publish","format-standard","has-post-thumbnail","hentry","category-basquet","category-inferiores-basquet","category-portada"],"jetpack_featured_media_url":"https:\/\/i0.wp.com\/cdnoticias.com\/wp-content\/uploads\/2023\/11\/DSC_9767-scaled.jpg?fit=2560%2C1707&ssl=1","jetpack_sharing_enabled":true,"_links":{"self":[{"href":"https:\/\/cdnoticias.com\/index.php\/wp-json\/wp\/v2\/posts\/138012","targetHints":{"allow":["GET"]}}],"collection":[{"href":"https:\/\/cdnoticias.com\/index.php\/wp-json\/wp\/v2\/posts"}],"about":[{"href":"https:\/\/cdnoticias.com\/index.php\/wp-json\/wp\/v2\/types\/post"}],"author":[{"embeddable":true,"href":"https:\/\/cdnoticias.com\/index.php\/wp-json\/wp\/v2\/users\/96739694"}],"replies":[{"embeddable":true,"href":"https:\/\/cdnoticias.com\/index.php\/wp-json\/wp\/v2\/comments?post=138012"}],"version-history":[{"count":0,"href":"https:\/\/cdnoticias.com\/index.php\/wp-json\/wp\/v2\/posts\/138012\/revisions"}],"wp:featuredmedia":[{"embeddable":true,"href":"https:\/\/cdnoticias.com\/index.php\/wp-json\/wp\/v2\/media\/158714"}],"wp:attachment":[{"href":"https:\/\/cdnoticias.com\/index.php\/wp-json\/wp\/v2\/media?parent=138012"}],"wp:term":[{"taxonomy":"category","embeddable":true,"href":"https:\/\/cdnoticias.com\/index.php\/wp-json\/wp\/v2\/categories?post=138012"},{"taxonomy":"post_tag","embeddable":true,"href":"https:\/\/cdnoticias.com\/index.php\/wp-json\/wp\/v2\/tags?post=138012"}],"curies":[{"name":"wp","href":"https:\/\/api.w.org\/{rel}","templated":true}]}}