{"id":138005,"date":"2023-11-19T19:34:37","date_gmt":"2023-11-19T22:34:37","guid":{"rendered":"https:\/\/centraldeportes.com.ar\/?p=45195"},"modified":"2025-02-12T23:11:48","modified_gmt":"2025-02-13T02:11:48","slug":"pueblo-nuevo-a-se-corono-campeon-del-oficial-de-trios-damas","status":"publish","type":"post","link":"https:\/\/cdnoticias.com\/index.php\/2023\/11\/19\/pueblo-nuevo-a-se-corono-campeon-del-oficial-de-trios-damas\/","title":{"rendered":"Pueblo Nuevo A se coron\u00f3 campe\u00f3n del Oficial de Tr\u00edos Damas"},"content":{"rendered":"<p>En una final completamente \u201cAlbiverde\u201d, el experimentado equipo del \u201cLobo\u201d le gan\u00f3 a su par de la misma entidad en cancha del Fort\u00edn Tradicionalista. Adem\u00e1s, la fase regular del Oficial Individual Caballeros entr\u00f3 en instancias c\u00falmines.<!--more--><\/p>\n<hr \/>\n<p>Las competencias reguladas por la <strong>Asociaci\u00f3n de Bochas de Olavarr\u00eda<\/strong> prosiguieron a lo largo de la \u00faltima semana y hubo festejos de por medio. Por un lado, se resolvi\u00f3 el Torneo Oficial de Tr\u00edos Femenino y festej\u00f3<strong> Pueblo Nuevo A<\/strong>.<\/p>\n<p>&nbsp;<\/p>\n<p>El experimentado combinado \u201cAlbiverde\u201d integrado por <strong>Edith Loinaze, Beatriz Maceo y Mar\u00eda Victoria Ma\u00ed<\/strong>z, se impuso sobre Loma Negra en las semifinales y<strong> derrot\u00f3 en la definici\u00f3n 15 a 13 a Pueblo Nuevo B<\/strong> en cancha del Fort\u00edn Tradicionalista. El terceto subcampe\u00f3n form\u00f3 con Florencia Vallejos, Mar\u00eda Eugenia Rodr\u00edguez y \u00c9rica Quinteros.<\/p>\n<p>&nbsp;<\/p>\n<p><img data-recalc-dims=\"1\" loading=\"lazy\" decoding=\"async\" class=\"aligncenter size-full wp-image-45197\" src=\"https:\/\/i0.wp.com\/cdnoticias.com\/wp-content\/uploads\/2023\/11\/Final-Oficial-de-Trios-Damas1-e1700433249971.jpeg?resize=800%2C497&#038;ssl=1\" alt=\"\" width=\"800\" height=\"497\" \/><\/p>\n<p>&nbsp;<\/p>\n<p>Por otro lado, con actividad en varias canchas de la ciudad,<strong> el Torneo Oficial Individual de Caballeros tach\u00f3 varias fechas del calendario<\/strong> y qued\u00f3 a cuatro jornadas del cierre de la fase regular. Vale recordar que, para los playoffs, clasifican cuatro equipos por zona.<\/p>\n<p>&nbsp;<\/p>\n<ul>\n<li>\n<h6><strong>Los resultados:<\/strong><\/h6>\n<\/li>\n<\/ul>\n<p>&nbsp;<\/p>\n<h6>Fecha 10:<\/h6>\n<p>&nbsp;<\/p>\n<p><strong>Zona A<\/strong><\/p>\n<p>Juan Pablo Notararigo (Pueblo Nuevo)<strong> 12 \u2013 4<\/strong> Nahuel Landaverr\u00eda (\u00c1lvaro Barros)<\/p>\n<p>Mart\u00edn Ottogalli (Sierra Chica) <strong>12 \u2013 11<\/strong> Carlos G\u00f3mez (Hinojo)<\/p>\n<p>Rub\u00e9n Giannoni (El Fort\u00edn)<strong> 9 \u2013 12<\/strong> Daniel Serantes (San Mart\u00edn)<\/p>\n<p>Jos\u00e9 Marinangelli (La Amistad) <strong>12 \u2013 4<\/strong> Carlos Galv\u00e1n (Blanca Chica)<\/p>\n<p>Ignacio Mapis (Fort\u00edn Tradicionalista) <strong>12 \u2013 2<\/strong> Hugo Gocella (Loma Negra)<\/p>\n<p>&nbsp;<\/p>\n<p><strong>Zona B<\/strong><\/p>\n<p>Ever Hammerschmidt (Pueblo Nuevo) <strong>12 \u2013 0<\/strong> Alejandro Lamas (\u00c1lvaro Barros)<\/p>\n<p>Gabriel Mariano (Sierra Chica)<strong> 12 \u2013 7<\/strong> Emanuel Ruppel (Hinojo)<\/p>\n<p>David Miceli (El Fort\u00edn) <strong>12 \u2013 9<\/strong> Gast\u00f3n Tisera (San Mart\u00edn)<\/p>\n<p>Mart\u00edn Orradre (La Amistad) <strong>12 \u2013 4<\/strong> Alberto Bonino (Blanca Chica)<\/p>\n<p>Jerem\u00edas Serantes (Fort\u00edn Tradicionalista) <strong>12 \u2013 4<\/strong> Ra\u00fal Landoni (Loma Negra)<\/p>\n<p>&nbsp;<\/p>\n<h6>Fecha 11:<\/h6>\n<p>&nbsp;<\/p>\n<p><strong>Zona A<\/strong><\/p>\n<p>Carlos G\u00f3mez (Hinojo)<strong> 11 \u2013 12<\/strong> Aldo Leal (El Fort\u00edn)<\/p>\n<p>Nahuel Landaverr\u00eda (\u00c1lvaro Barros) <strong>9 \u2013 12<\/strong> Ignacio Mapis (Fort\u00edn Tradicionalista)<\/p>\n<p>Daniel Serantes (San Mart\u00edn) <strong>11 \u2013 12<\/strong> Juan Pablo Notararigo (Pueblo Nuevo)<\/p>\n<p>Hugo Gocella (Loma Negra) <strong>12 \u2013 8<\/strong> Jos\u00e9 Marinangelli (La Amistad)<\/p>\n<p>Carlos Galv\u00e1n (Blanca Chica) <strong>12 \u2013 6<\/strong> Mart\u00edn Ottogalli (Sierra Chica)<\/p>\n<p>&nbsp;<\/p>\n<p><strong>Zona B<\/strong><\/p>\n<p>Gast\u00f3n Tisera (San Mart\u00edn) <strong>12 \u2013 10<\/strong> Ever Hammerschmidt (Pueblo Nuevo)<\/p>\n<p>Alberto Bonino (Blanca Chica)<strong> 10 \u2013 12<\/strong> Juan Leiciaga (Sierra Chica)<\/p>\n<p>Ra\u00fal Landoni (Loma Negra)<strong> 3 \u2013 12<\/strong> Martin Orradre (La Amistad)<\/p>\n<p>Emanuel Ruppel (Hinojo)<strong> 7 \u2013 12<\/strong> David Miceli (El Fort\u00edn)<\/p>\n<p>Alejandro Lamas (\u00c1lvaro Barros) <strong>12 \u2013 3<\/strong> Jerem\u00edas Serantes (Fort\u00edn Tradicionalista)<\/p>\n<p>&nbsp;<\/p>\n<h6>Fecha 12:<\/h6>\n<p>&nbsp;<\/p>\n<p><strong>Zona A<\/strong><\/p>\n<p>Rub\u00e9n Giannoni (El Fort\u00edn) <strong>6 \u2013 12<\/strong> Carlos Galv\u00e1n (Blanca Chica)<\/p>\n<p>Nahuel Landaverr\u00eda (\u00c1lvaro Barros) <strong>5 \u2013 12<\/strong> Daniel Serantes (San Mart\u00edn)<\/p>\n<p>Juan Pablo Notararigo (Pueblo Nuevo)<strong> 12 \u2013 2<\/strong> Carlos G\u00f3mez (Hinojo)<\/p>\n<p>Ignacio Mapis (Fort\u00edn Tradicionalista) <strong>12 \u2013 9<\/strong> Jos\u00e9 Marinangelli (La Amistad)<\/p>\n<p>Martin Ottogalli (Sierra Chica) <strong>10 \u2013 12<\/strong> Hugo Gocella (Loma Negra)<\/p>\n<p>&nbsp;<\/p>\n<p><strong>Zona B<\/strong><\/p>\n<p>Alejandro Lamas (\u00c1lvaro Barros) <strong>12 \u2013 2<\/strong> Gast\u00f3n Tisera (San Mart\u00edn)<\/p>\n<p>Jerem\u00edas Serantes (Fort\u00edn Tradicionalista) <strong>2 \u2013 12<\/strong> Mart\u00edn Orradre (La Amistad)<\/p>\n<p>Gabriel Mariano (Sierra Chica) <strong>12 \u2013 9<\/strong> Ra\u00fal Landoni (Loma Negra)<\/p>\n<p>Ever Hammerschmidt (Pueblo Nuevo)<strong> 12 \u2013 0<\/strong> Emanuel Ruppel (Hinojo)<\/p>\n<p>David Miceli (El Fort\u00edn) <strong>12 \u2013 4<\/strong> Alberto Bonino (Blanca Chica)<\/p>\n<p>&nbsp;<\/p>\n<h6>Fecha 13:<\/h6>\n<p>&nbsp;<\/p>\n<p><strong>Zona A<\/strong><\/p>\n<p>Carlos Galv\u00e1n (Blanca Chica) <strong>3 \u2013 12<\/strong> Juan Pablo Notararigo (Pueblo Nuevo)<\/p>\n<p>Daniel Serantes (San Mart\u00edn) <strong>12 \u2013 3<\/strong> Ignacio Mapis (Fort\u00edn Tradicionalista)<\/p>\n<p>Jos\u00e9 Marinangelli (La Amistad) <strong>12 \u2013 7<\/strong> Mart\u00edn Ottogalli (Sierra Chica)<\/p>\n<p>Carlos G\u00f3mez (Hinojo) <strong>10 \u2013 12<\/strong> Nahuel Landaverr\u00eda (\u00c1lvaro Barros)<\/p>\n<p>Hugo Gocella (Loma Negra)<strong> 11 \u2013 12<\/strong> Rub\u00e9n Giannoni (El Fort\u00edn)<\/p>\n<p>&nbsp;<\/p>\n<p><strong>Zona B<\/strong><\/p>\n<p>Ra\u00fal Landoni (Loma Negra)<strong> 0 \u2013 12<\/strong> David Miceli (El Fort\u00edn)<\/p>\n<p>Gast\u00f3n Tisera (San Mart\u00edn) <strong>12 \u2013 7<\/strong> Jerem\u00edas Serantes (Fort\u00edn Tradicionalista)<\/p>\n<p>Alberto Bonino (Blanca Chica) <strong>4 \u2013 12<\/strong> Ever Hammerschmidt (Pueblo Nuevo)<\/p>\n<p>Emanuel Ruppel (Hinojo) <strong>4 \u2013 12<\/strong> Alejandro Lamas (\u00c1lvaro Barros)<\/p>\n<p>Martin Orradre (La Amistad) <strong>12 \u2013<\/strong> <strong>3<\/strong> Gabriel Mariano (Sierra Chica)<\/p>\n<p>&nbsp;<\/p>\n<h6>Fecha 14:<\/h6>\n<p>&nbsp;<\/p>\n<p><strong>Zona A<\/strong><\/p>\n<p>Juan Pablo Notararigo (Pueblo Nuevo)<strong> 12 \u2013 5<\/strong> Hugo Gocella (Loma Negra)<\/p>\n<p>Daniel Serantes (San Mart\u00edn)<strong> 12 \u2013 5<\/strong> Carlos G\u00f3mez (Hinojo)<\/p>\n<p>Nahuel Landaverr\u00eda (\u00c1lvaro Barros) <strong>12 \u2013 7<\/strong> Carlos Galv\u00e1n (Blanca Chica)<\/p>\n<p>Rub\u00e9n Giannoni (El Fort\u00edn) <strong>12 \u2013 9<\/strong> Jos\u00e9 Marinangelli (La Amistad)<\/p>\n<p>Lorenzo Fern\u00e1ndez (Fort\u00edn Tradicionalista) <strong>12 \u2013 10<\/strong> Martin Ottogalli (Sierra Chica)<\/p>\n<p>&nbsp;<\/p>\n<p><strong>Zona B<\/strong><\/p>\n<p>Ever Hammerschmidt (Pueblo Nuevo)<strong> 12 \u2013 3<\/strong> Ra\u00fal Landoni (Loma Negra)<\/p>\n<p>Gast\u00f3n Tisera (San Mart\u00edn)<strong> 12 \u2013 5<\/strong> Emanuel Ruppel (Hinojo)<\/p>\n<p>Alejandro Lamas (\u00c1lvaro Barros) <strong>12 \u2013 3<\/strong> Alberto Bonino (Blanca Chica)<\/p>\n<p>David Miceli (El Fort\u00edn) <strong>2 \u2013 12<\/strong> Martin Orradre (La Amistad)<\/p>\n<p>Jerem\u00edas Serantes (Fort\u00edn Tradicionalista) <strong>12 \u2013 4<\/strong> Gabriel Mariano (Sierra Chica)<\/p>\n<p>&nbsp;<\/p>\n<p><em><strong>Fuente: Diego Clar (Prensa Bochas).<\/strong><\/em><\/p>\n","protected":false},"excerpt":{"rendered":"<p>En una final completamente \u201cAlbiverde\u201d, el experimentado equipo del \u201cLobo\u201d le gan\u00f3 a su par de la misma entidad en<\/p>\n","protected":false},"author":96739694,"featured_media":158733,"comment_status":"closed","ping_status":"closed","sticky":false,"template":"","format":"standard","meta":{"_jetpack_memberships_contains_paid_content":false,"footnotes":""},"categories":[30,1],"tags":[],"class_list":["post-138005","post","type-post","status-publish","format-standard","has-post-thumbnail","hentry","category-polideportivo","category-portada"],"jetpack_featured_media_url":"https:\/\/i0.wp.com\/cdnoticias.com\/wp-content\/uploads\/2023\/11\/Final-Oficial-de-Trios-Damas-e1700433210976.jpeg?fit=1000%2C586&ssl=1","jetpack_sharing_enabled":true,"_links":{"self":[{"href":"https:\/\/cdnoticias.com\/index.php\/wp-json\/wp\/v2\/posts\/138005","targetHints":{"allow":["GET"]}}],"collection":[{"href":"https:\/\/cdnoticias.com\/index.php\/wp-json\/wp\/v2\/posts"}],"about":[{"href":"https:\/\/cdnoticias.com\/index.php\/wp-json\/wp\/v2\/types\/post"}],"author":[{"embeddable":true,"href":"https:\/\/cdnoticias.com\/index.php\/wp-json\/wp\/v2\/users\/96739694"}],"replies":[{"embeddable":true,"href":"https:\/\/cdnoticias.com\/index.php\/wp-json\/wp\/v2\/comments?post=138005"}],"version-history":[{"count":0,"href":"https:\/\/cdnoticias.com\/index.php\/wp-json\/wp\/v2\/posts\/138005\/revisions"}],"wp:featuredmedia":[{"embeddable":true,"href":"https:\/\/cdnoticias.com\/index.php\/wp-json\/wp\/v2\/media\/158733"}],"wp:attachment":[{"href":"https:\/\/cdnoticias.com\/index.php\/wp-json\/wp\/v2\/media?parent=138005"}],"wp:term":[{"taxonomy":"category","embeddable":true,"href":"https:\/\/cdnoticias.com\/index.php\/wp-json\/wp\/v2\/categories?post=138005"},{"taxonomy":"post_tag","embeddable":true,"href":"https:\/\/cdnoticias.com\/index.php\/wp-json\/wp\/v2\/tags?post=138005"}],"curies":[{"name":"wp","href":"https:\/\/api.w.org\/{rel}","templated":true}]}}