{"id":137999,"date":"2023-11-18T17:24:05","date_gmt":"2023-11-18T20:24:05","guid":{"rendered":"https:\/\/centraldeportes.com.ar\/?p=45165"},"modified":"2023-11-18T17:24:05","modified_gmt":"2023-11-18T20:24:05","slug":"daiana-moura-tuvo-su-debut-en-los-juegos-parapanamericanos-2","status":"publish","type":"post","link":"https:\/\/cdnoticias.com\/index.php\/2023\/11\/18\/daiana-moura-tuvo-su-debut-en-los-juegos-parapanamericanos-2\/","title":{"rendered":"Daiana Moura tuvo su debut en los Juegos Parapanamericanos"},"content":{"rendered":"\n<div class=\"wp-block-group is-layout-constrained wp-block-group-is-layout-constrained\">\n<div class=\"wp-block-group is-layout-constrained wp-block-group-is-layout-constrained\">\n<p style=\"text-align: left;\">En el primer d\u00eda de competencias en Santiago de Chile, la nadadora olavarriense radicada en C\u00f3rdoba particip\u00f3 este s\u00e1bado en 50 metros libres categor\u00eda S11.<!--more--><\/p>\n<p><!--\/data\/user\/0\/com.samsung.android.app.notes\/files\/clipdata\/clipdata_bodytext_231118_171708_577.sdocx--><\/p>\n<hr \/>\n<p>Los Juegos Parapanamericanos celebrados en la capital chilena tuvieron su primer d\u00eda de competencias en varias disciplinas y este s\u00e1bado, especificamente en nataci\u00f3n adaptada, debut\u00f3 Daiana Moura.<\/p>\n<p>\u00a0<\/p>\n<p><strong>La olavarriense<\/strong> se present\u00f3 en el Centro Acu\u00e1tico del Parque Estadio Nacional de Chile, compiti\u00f3 en la final 50 metros libre categor\u00eda S11 femenino y <strong>finaliz\u00f3 sexta<\/strong> con un tiempo de 47:81.<\/p>\n<p>\u00a0<\/p>\n<p><strong>Analuz Pellitero<\/strong> (32:16) y <strong>Nadia B\u00e1ez<\/strong> (32:82), tambi\u00e9n integrantes de la Delegaci\u00f3n argentina, arribaron primera y segunda respectivamente y lograron medalla de oro y plata. Tercera qued\u00f3 la mexicana <strong>Matilde Alcazar<\/strong> con un registro de 33:91.<\/p>\n<p>\u00a0<\/p>\n<p>Lo pr\u00f3ximo en el calendario para Daiana ser\u00e1 el <strong>venidero martes, donde formar\u00e1 parte de la modalidad 200 metros combinados<\/strong>.<\/p>\n<p>\u00a0<\/p>\n<p><em><strong>Foto: Paradeportes.<\/strong><\/em><\/p>\n<p style=\"text-align: left;\"><!--\/data\/user\/0\/com.samsung.android.app.notes\/files\/clipdata\/clipdata_bodytext_231118_171644_350.sdocx--><\/p>\n<\/div>\n<\/div>\n","protected":false},"excerpt":{"rendered":"<p>En el primer d\u00eda de competencias en Santiago de Chile, la nadadora olavarriense radicada en C\u00f3rdoba particip\u00f3 este s\u00e1bado en<\/p>\n","protected":false},"author":96739695,"featured_media":45166,"comment_status":"closed","ping_status":"closed","sticky":false,"template":"","format":"standard","meta":{"_jetpack_memberships_contains_paid_content":false,"footnotes":""},"categories":[30,1],"tags":[],"class_list":["post-137999","post","type-post","status-publish","format-standard","has-post-thumbnail","hentry","category-polideportivo","category-portada"],"jetpack_featured_media_url":"","jetpack_sharing_enabled":true,"_links":{"self":[{"href":"https:\/\/cdnoticias.com\/index.php\/wp-json\/wp\/v2\/posts\/137999","targetHints":{"allow":["GET"]}}],"collection":[{"href":"https:\/\/cdnoticias.com\/index.php\/wp-json\/wp\/v2\/posts"}],"about":[{"href":"https:\/\/cdnoticias.com\/index.php\/wp-json\/wp\/v2\/types\/post"}],"author":[{"embeddable":true,"href":"https:\/\/cdnoticias.com\/index.php\/wp-json\/wp\/v2\/users\/96739695"}],"replies":[{"embeddable":true,"href":"https:\/\/cdnoticias.com\/index.php\/wp-json\/wp\/v2\/comments?post=137999"}],"version-history":[{"count":0,"href":"https:\/\/cdnoticias.com\/index.php\/wp-json\/wp\/v2\/posts\/137999\/revisions"}],"wp:featuredmedia":[{"embeddable":true,"href":"https:\/\/cdnoticias.com\/index.php\/wp-json\/"}],"wp:attachment":[{"href":"https:\/\/cdnoticias.com\/index.php\/wp-json\/wp\/v2\/media?parent=137999"}],"wp:term":[{"taxonomy":"category","embeddable":true,"href":"https:\/\/cdnoticias.com\/index.php\/wp-json\/wp\/v2\/categories?post=137999"},{"taxonomy":"post_tag","embeddable":true,"href":"https:\/\/cdnoticias.com\/index.php\/wp-json\/wp\/v2\/tags?post=137999"}],"curies":[{"name":"wp","href":"https:\/\/api.w.org\/{rel}","templated":true}]}}