{"id":137996,"date":"2023-11-18T09:04:43","date_gmt":"2023-11-18T12:04:43","guid":{"rendered":"https:\/\/centraldeportes.com.ar\/?p=45154"},"modified":"2025-02-12T23:11:59","modified_gmt":"2025-02-13T02:11:59","slug":"reserva-afa-el-duelo-de-olavarrienses-fue-para-el-de-independiente","status":"publish","type":"post","link":"https:\/\/cdnoticias.com\/index.php\/2023\/11\/18\/reserva-afa-el-duelo-de-olavarrienses-fue-para-el-de-independiente\/","title":{"rendered":"Reserva AFA: el duelo de olavarrienses fue para el de Independiente"},"content":{"rendered":"<p>Por los cuartos de final de la Copa Proyecci\u00f3n, el \u201cRojo\u201d le gan\u00f3 a Boca en cancha de Platense y clasific\u00f3 a la siguiente ronda del certamen. Santiago Salle y Mateo Mend\u00eda fueron titulares.<!--more--><\/p>\n<hr \/>\n<p>Entre martes y mi\u00e9rcoles de la \u00faltima semana, la <strong>Divisi\u00f3n Reserva de AFA<\/strong> inici\u00f3 con los <strong>playoffs de la Copa Proyecci\u00f3n<\/strong> y hubo choque de futbolistas olavarrienses en uno de los cruces.<\/p>\n<p>&nbsp;<\/p>\n<p>En cancha de Platense, <strong>Independiente elimin\u00f3 a Boca Juniors tras imponerse 2 a 0<\/strong> y se meti\u00f3 en las semifinales del segundo certamen del a\u00f1o. <strong>Rodrigo Atencio<\/strong>, con un golazo de tiro libre, y <strong>Santiago Gauna en contra<\/strong> convirtieron los goles para el conjunto de Avellaneda.<\/p>\n<p>&nbsp;<\/p>\n<p>Por un lado, <strong>en el \u201cRojo\u201d, Santiago Salle fue titular<\/strong> y jug\u00f3 todo el partido <strong>al igual que Mateo Mend\u00eda con la camiseta del \u201cXeneize\u201d<\/strong>.<\/p>\n<p>&nbsp;<\/p>\n<p>De esta manera, en la siguiente instancia Independiente jugar\u00e1 contra San Lorenzo el pr\u00f3ximo viernes desde las 20:00. La otra semi enfrentar\u00e1 a Belgrano contra Tigre.<\/p>\n<p>&nbsp;<\/p>\n<p><em><strong>Foto: Club Atl\u00e9tico Independiente.<\/strong><\/em><\/p>\n","protected":false},"excerpt":{"rendered":"<p>Por los cuartos de final de la Copa Proyecci\u00f3n, el \u201cRojo\u201d le gan\u00f3 a Boca en cancha de Platense y<\/p>\n","protected":false},"author":96739694,"featured_media":158750,"comment_status":"closed","ping_status":"closed","sticky":false,"template":"","format":"standard","meta":{"_jetpack_memberships_contains_paid_content":false,"footnotes":""},"categories":[37,1],"tags":[],"class_list":["post-137996","post","type-post","status-publish","format-standard","has-post-thumbnail","hentry","category-futbol-profesional","category-portada"],"jetpack_featured_media_url":"https:\/\/i0.wp.com\/cdnoticias.com\/wp-content\/uploads\/2023\/11\/Santiago-Salle-Independiente-Reserva.jpg?fit=1000%2C666&ssl=1","jetpack_sharing_enabled":true,"_links":{"self":[{"href":"https:\/\/cdnoticias.com\/index.php\/wp-json\/wp\/v2\/posts\/137996","targetHints":{"allow":["GET"]}}],"collection":[{"href":"https:\/\/cdnoticias.com\/index.php\/wp-json\/wp\/v2\/posts"}],"about":[{"href":"https:\/\/cdnoticias.com\/index.php\/wp-json\/wp\/v2\/types\/post"}],"author":[{"embeddable":true,"href":"https:\/\/cdnoticias.com\/index.php\/wp-json\/wp\/v2\/users\/96739694"}],"replies":[{"embeddable":true,"href":"https:\/\/cdnoticias.com\/index.php\/wp-json\/wp\/v2\/comments?post=137996"}],"version-history":[{"count":0,"href":"https:\/\/cdnoticias.com\/index.php\/wp-json\/wp\/v2\/posts\/137996\/revisions"}],"wp:featuredmedia":[{"embeddable":true,"href":"https:\/\/cdnoticias.com\/index.php\/wp-json\/wp\/v2\/media\/158750"}],"wp:attachment":[{"href":"https:\/\/cdnoticias.com\/index.php\/wp-json\/wp\/v2\/media?parent=137996"}],"wp:term":[{"taxonomy":"category","embeddable":true,"href":"https:\/\/cdnoticias.com\/index.php\/wp-json\/wp\/v2\/categories?post=137996"},{"taxonomy":"post_tag","embeddable":true,"href":"https:\/\/cdnoticias.com\/index.php\/wp-json\/wp\/v2\/tags?post=137996"}],"curies":[{"name":"wp","href":"https:\/\/api.w.org\/{rel}","templated":true}]}}