{"id":137995,"date":"2023-11-18T08:32:22","date_gmt":"2023-11-18T11:32:22","guid":{"rendered":"https:\/\/centraldeportes.com.ar\/?p=45152"},"modified":"2025-02-12T23:12:00","modified_gmt":"2025-02-13T02:12:00","slug":"las-categorias-del-futbol-menor-iniciaron-el-ultimo-torneo-del-ano","status":"publish","type":"post","link":"https:\/\/cdnoticias.com\/index.php\/2023\/11\/18\/las-categorias-del-futbol-menor-iniciaron-el-ultimo-torneo-del-ano\/","title":{"rendered":"Las categor\u00edas del f\u00fatbol menor iniciaron el \u00faltimo torneo del a\u00f1o"},"content":{"rendered":"<p>Con dos partidos disputados, este viernes por la tarde noche se puso en marcha la Copa Olavarr\u00eda y tuvo como protagonistas a Estudiantes y Ferro. La jornada continuar\u00e1 este s\u00e1bado con el resto de la programaci\u00f3n.<!--more--><\/p>\n<hr \/>\n<p>D\u00edas despu\u00e9s de las finales anuales, comenz\u00f3 oficialmente la <strong>Copa Olavarr\u00eda de Divisiones Inferiores<\/strong> organizada por la Liga de F\u00fatbol de Olavarr\u00eda tradicionalmente estipulada como \u00faltima competencia del a\u00f1o.<\/p>\n<p>&nbsp;<\/p>\n<p>Por tal motivo, en la tarde noche de este viernes, <strong>Estudiantes y Ferro debutaron en tres categor\u00edas bajo la Zona 1<\/strong>, pero solo hubo acci\u00f3n para dos debido a las inclemencias clim\u00e1ticas que azotaron a la ciudad.<\/p>\n<p>&nbsp;<\/p>\n<p>La pelota rod\u00f3 en el c\u00e9sped del Parque Carlos Guerrero y hubo victorias repartidas. Por un lado, <strong>en Novena, se impuso el conjunto \u201cBataraz\u201d, mientras que en Sexta festej\u00f3 el \u201cCarbonero\u201d<\/strong>.<\/p>\n<p>&nbsp;<\/p>\n<p>Este s\u00e1bado continuar\u00e1 la jornada con el resto de las categor\u00edas de ambos clubes, al igual que los cruces entre <strong>Sierra Chica \u2013 Colonias y Cerros<\/strong> por la misma zona. Tambi\u00e9n se enfrentar\u00e1n <strong>Racing \u2013 Loma Negra y Municipales \u2013 Hinojo por la Zona 2<\/strong> y <strong>Embajadores \u2013 San Mart\u00edn y El Fort\u00edn \u2013 Luj\u00e1n por el Grupo 3<\/strong>.<\/p>\n<p>&nbsp;<\/p>\n<p>[soliloquy id=&#8221;45141&#8243;]<\/p>\n<p>&nbsp;<\/p>\n<ul>\n<li>\n<h6><strong>Resultados:<\/strong><\/h6>\n<\/li>\n<\/ul>\n<p>&nbsp;<\/p>\n<p><strong>En D\u00e9cima<\/strong><\/p>\n<p>Estudiantes \u2013 Ferro (<strong>Suspendido)<\/strong><\/p>\n<p>&nbsp;<\/p>\n<p><strong>En Novena<\/strong><\/p>\n<p>Estudiantes <strong>3 \u2013 1<\/strong> Ferro<\/p>\n<p>&nbsp;<\/p>\n<p><strong>En Sexta<\/strong><\/p>\n<p>Estudiantes <strong>0 \u2013 1<\/strong> Ferro<\/p>\n","protected":false},"excerpt":{"rendered":"<p>Con dos partidos disputados, este viernes por la tarde noche se puso en marcha la Copa Olavarr\u00eda y tuvo como<\/p>\n","protected":false},"author":96739694,"featured_media":158752,"comment_status":"closed","ping_status":"closed","sticky":false,"template":"","format":"standard","meta":{"_jetpack_memberships_contains_paid_content":false,"footnotes":""},"categories":[35,40,1],"tags":[],"class_list":["post-137995","post","type-post","status-publish","format-standard","has-post-thumbnail","hentry","category-futbol","category-inferiores","category-portada"],"jetpack_featured_media_url":"https:\/\/i0.wp.com\/cdnoticias.com\/wp-content\/uploads\/2023\/11\/Photo_1700279366221-scaled.jpg?fit=2560%2C1706&ssl=1","jetpack_sharing_enabled":true,"_links":{"self":[{"href":"https:\/\/cdnoticias.com\/index.php\/wp-json\/wp\/v2\/posts\/137995","targetHints":{"allow":["GET"]}}],"collection":[{"href":"https:\/\/cdnoticias.com\/index.php\/wp-json\/wp\/v2\/posts"}],"about":[{"href":"https:\/\/cdnoticias.com\/index.php\/wp-json\/wp\/v2\/types\/post"}],"author":[{"embeddable":true,"href":"https:\/\/cdnoticias.com\/index.php\/wp-json\/wp\/v2\/users\/96739694"}],"replies":[{"embeddable":true,"href":"https:\/\/cdnoticias.com\/index.php\/wp-json\/wp\/v2\/comments?post=137995"}],"version-history":[{"count":0,"href":"https:\/\/cdnoticias.com\/index.php\/wp-json\/wp\/v2\/posts\/137995\/revisions"}],"wp:featuredmedia":[{"embeddable":true,"href":"https:\/\/cdnoticias.com\/index.php\/wp-json\/wp\/v2\/media\/158752"}],"wp:attachment":[{"href":"https:\/\/cdnoticias.com\/index.php\/wp-json\/wp\/v2\/media?parent=137995"}],"wp:term":[{"taxonomy":"category","embeddable":true,"href":"https:\/\/cdnoticias.com\/index.php\/wp-json\/wp\/v2\/categories?post=137995"},{"taxonomy":"post_tag","embeddable":true,"href":"https:\/\/cdnoticias.com\/index.php\/wp-json\/wp\/v2\/tags?post=137995"}],"curies":[{"name":"wp","href":"https:\/\/api.w.org\/{rel}","templated":true}]}}