{"id":137990,"date":"2023-11-17T17:10:52","date_gmt":"2023-11-17T20:10:52","guid":{"rendered":"https:\/\/centraldeportes.com.ar\/?p=45123"},"modified":"2025-02-12T23:10:38","modified_gmt":"2025-02-13T02:10:38","slug":"luz-kremer-participo-del-campeonato-nacional-absoluto","status":"publish","type":"post","link":"https:\/\/cdnoticias.com\/index.php\/2023\/11\/17\/luz-kremer-participo-del-campeonato-nacional-absoluto\/","title":{"rendered":"Luz Kremer particip\u00f3 del Campeonato Nacional Absoluto"},"content":{"rendered":"<p>La patinadora del Club Boca Junior se present\u00f3 el pasado mi\u00e9rcoles en Mar del Plata y fue 4\u00b0 en el Campeonato Nacional Absoluto.<!--more--><\/p>\n<hr \/>\n<p>Luz Kremer, en compa\u00f1\u00eda de la entrenadora Marcela Romera estuvieron representando a la Federaci\u00f3n de la Provincia de Buenos Aires, logrando posicionarse en el 4\u00b0 lugar en categor\u00eda World Skate Senior Figuras Obligatorias, entre las mejores patinadoras del pa\u00eds.<\/p>\n<p>&nbsp;<\/p>\n<p>En este torneo participaban las primeras 10 deportistas de cada Nacional que se desarroll\u00f3 durante el a\u00f1o, Luz obtuvo la plaza en la Copa Argentina Clausura con el 7\u00b0 puesto en Rio Segundo, C\u00f3rdoba en el mes de Julio.<\/p>\n<p>&nbsp;<\/p>\n<p>De esta manera finaliza el a\u00f1o competitivo para la patinadora olavarriense.<\/p>\n","protected":false},"excerpt":{"rendered":"<p>La patinadora del Club Boca Junior se present\u00f3 el pasado mi\u00e9rcoles en Mar del Plata y fue 4\u00b0 en el<\/p>\n","protected":false},"author":96739694,"featured_media":158649,"comment_status":"closed","ping_status":"closed","sticky":false,"template":"","format":"standard","meta":{"_jetpack_memberships_contains_paid_content":false,"footnotes":""},"categories":[30,1],"tags":[],"class_list":["post-137990","post","type-post","status-publish","format-standard","has-post-thumbnail","hentry","category-polideportivo","category-portada"],"jetpack_featured_media_url":"https:\/\/i0.wp.com\/cdnoticias.com\/wp-content\/uploads\/2023\/11\/IMG_20231115_120940801-scaled-e1700251835830.jpg?fit=1440%2C844&ssl=1","jetpack_sharing_enabled":true,"_links":{"self":[{"href":"https:\/\/cdnoticias.com\/index.php\/wp-json\/wp\/v2\/posts\/137990","targetHints":{"allow":["GET"]}}],"collection":[{"href":"https:\/\/cdnoticias.com\/index.php\/wp-json\/wp\/v2\/posts"}],"about":[{"href":"https:\/\/cdnoticias.com\/index.php\/wp-json\/wp\/v2\/types\/post"}],"author":[{"embeddable":true,"href":"https:\/\/cdnoticias.com\/index.php\/wp-json\/wp\/v2\/users\/96739694"}],"replies":[{"embeddable":true,"href":"https:\/\/cdnoticias.com\/index.php\/wp-json\/wp\/v2\/comments?post=137990"}],"version-history":[{"count":0,"href":"https:\/\/cdnoticias.com\/index.php\/wp-json\/wp\/v2\/posts\/137990\/revisions"}],"wp:featuredmedia":[{"embeddable":true,"href":"https:\/\/cdnoticias.com\/index.php\/wp-json\/wp\/v2\/media\/158649"}],"wp:attachment":[{"href":"https:\/\/cdnoticias.com\/index.php\/wp-json\/wp\/v2\/media?parent=137990"}],"wp:term":[{"taxonomy":"category","embeddable":true,"href":"https:\/\/cdnoticias.com\/index.php\/wp-json\/wp\/v2\/categories?post=137990"},{"taxonomy":"post_tag","embeddable":true,"href":"https:\/\/cdnoticias.com\/index.php\/wp-json\/wp\/v2\/tags?post=137990"}],"curies":[{"name":"wp","href":"https:\/\/api.w.org\/{rel}","templated":true}]}}