{"id":13799,"date":"2021-02-15T12:20:31","date_gmt":"2021-02-15T15:20:31","guid":{"rendered":"http:\/\/www.centraldenoticias.com.ar\/?p=13799"},"modified":"2021-02-15T17:44:42","modified_gmt":"2021-02-15T20:44:42","slug":"desde-el-miercoles-novena-etapa-del-programa-rta","status":"publish","type":"post","link":"https:\/\/cdnoticias.com\/index.php\/2021\/02\/15\/desde-el-miercoles-novena-etapa-del-programa-rta\/","title":{"rendered":"Desde el mi\u00e9rcoles, novena etapa del Programa RTA"},"content":{"rendered":"<p>El testeo de personas con s\u00edntomas de Covid-19 se realizar\u00e1 en el m\u00f3dulo del Hospital Municipal desde las 8. La novena etapa continuar\u00e1 hasta el 26 de febrero.<!--more--><\/p>\n<hr \/>\n<p><strong>El pr\u00f3ximo mi\u00e9rcoles personal de la Secretar\u00eda de Salud del Municipio iniciar\u00e1 la novena etapa del Programa RTA<\/strong> (Rastrear \u2013 Testear \u2013 Aislar).<\/p>\n<p>En esta oportunidad, se realizar\u00e1 <strong>hasta el viernes 19 en el m\u00f3dulo de testeo del Hospital Municipal \u201cDr. H\u00e9ctor Cura\u201d<\/strong> y luego retomar\u00e1 el lunes 22 hasta el viernes 26 de febrero.<\/p>\n<p>El horario de atenci\u00f3n para aquellas personas que presenten s\u00edntomas compatibles con Covid 19 es <strong>a partir de las 8 horas.<\/strong><\/p>\n<p>Se record\u00f3 que los s\u00edntomas son: tos, dolor de garganta, falta de olfato, falta de gusto, fiebre mayor a 37.5\u00b0, falta de aire y m\u00e1s de 48 horas de diarrea,.<\/p>\n<p>Asimismo, se record\u00f3 que<strong> los hisopados PCR continuar\u00e1n tambi\u00e9n en el nosocomio local, pero en el horario de 7 a 8<\/strong> horas.<\/p>\n<p>Por \u00faltimo, se indic\u00f3 desde la cartera sanitaria que este lunes 15 de febrero no se emitir\u00e1 el reporte epidemiol\u00f3gico diario. El <a href=\"https:\/\/cdnoticias.com\/index.php\/2021\/02\/13\/covid-cuarta-semana-consecutiva-con-confirmados-en-baja-en-olavarria\/\" target=\"_blank\" rel=\"noopener\">\u00faltimo informe<\/a>, el s\u00e1bado, mostr\u00f3 el cierre de la <strong>cuarta semana consecutiva con baja en la cantidad de casos confirmados<\/strong>.<\/p>\n","protected":false},"excerpt":{"rendered":"<p>El testeo de personas con s\u00edntomas de Covid-19 se realizar\u00e1 en el m\u00f3dulo del Hospital Municipal desde las 8. La<\/p>\n","protected":false},"author":4,"featured_media":13800,"comment_status":"closed","ping_status":"closed","sticky":false,"template":"","format":"standard","meta":{"_jetpack_memberships_contains_paid_content":false,"footnotes":""},"categories":[5,1],"tags":[],"class_list":["post-13799","post","type-post","status-publish","format-standard","has-post-thumbnail","hentry","category-informacion-general","category-portada"],"jetpack_featured_media_url":"https:\/\/i0.wp.com\/cdnoticias.com\/wp-content\/uploads\/2021\/02\/RTA-covid-Salud-Modulo-testeos-Hospital-1-1024x682.jpg?fit=1024%2C682&ssl=1","jetpack_sharing_enabled":true,"_links":{"self":[{"href":"https:\/\/cdnoticias.com\/index.php\/wp-json\/wp\/v2\/posts\/13799","targetHints":{"allow":["GET"]}}],"collection":[{"href":"https:\/\/cdnoticias.com\/index.php\/wp-json\/wp\/v2\/posts"}],"about":[{"href":"https:\/\/cdnoticias.com\/index.php\/wp-json\/wp\/v2\/types\/post"}],"author":[{"embeddable":true,"href":"https:\/\/cdnoticias.com\/index.php\/wp-json\/wp\/v2\/users\/4"}],"replies":[{"embeddable":true,"href":"https:\/\/cdnoticias.com\/index.php\/wp-json\/wp\/v2\/comments?post=13799"}],"version-history":[{"count":0,"href":"https:\/\/cdnoticias.com\/index.php\/wp-json\/wp\/v2\/posts\/13799\/revisions"}],"wp:featuredmedia":[{"embeddable":true,"href":"https:\/\/cdnoticias.com\/index.php\/wp-json\/wp\/v2\/media\/13800"}],"wp:attachment":[{"href":"https:\/\/cdnoticias.com\/index.php\/wp-json\/wp\/v2\/media?parent=13799"}],"wp:term":[{"taxonomy":"category","embeddable":true,"href":"https:\/\/cdnoticias.com\/index.php\/wp-json\/wp\/v2\/categories?post=13799"},{"taxonomy":"post_tag","embeddable":true,"href":"https:\/\/cdnoticias.com\/index.php\/wp-json\/wp\/v2\/tags?post=13799"}],"curies":[{"name":"wp","href":"https:\/\/api.w.org\/{rel}","templated":true}]}}