{"id":137979,"date":"2023-11-16T06:46:32","date_gmt":"2023-11-16T09:46:32","guid":{"rendered":"https:\/\/centraldeportes.com.ar\/?p=45060"},"modified":"2025-02-12T23:10:56","modified_gmt":"2025-02-13T02:10:56","slug":"municipales-desconto-sobre-el-final-y-perdio-pero-avanzo-a-semis-por-el-global","status":"publish","type":"post","link":"https:\/\/cdnoticias.com\/index.php\/2023\/11\/16\/municipales-desconto-sobre-el-final-y-perdio-pero-avanzo-a-semis-por-el-global\/","title":{"rendered":"Municipales descont\u00f3 sobre el final y perdi\u00f3, pero avanz\u00f3 a semis por el global"},"content":{"rendered":"\n<div class=\"wp-block-group is-layout-constrained wp-block-group-is-layout-constrained\">\n<p>El Fort\u00edn lo ganaba y hab\u00eda empardado el resultado general, pero en el ocaso del partido los de Senzacqua descontaron de penal y lograron el boleto a semifinales. Fue victoria 4 a 2 del elenco \u201cFortinero\u201d en el Ricardo S\u00e1nchez. Hubo cinco expulsados.<!--more--><\/p>\n<hr \/>\n<p>No le falt\u00f3 absolutamente nada al duelo desquite disputado este mi\u00e9rcoles por la tarde en el c\u00e9sped del Ricardo S\u00e1nchez. <strong>El Fort\u00edn<\/strong>, que ven\u00eda entonado por el festejo ante Balonpi\u00e9 por el Federal,<strong> recibi\u00f3 a Municipales para disputar los restantes noventa minutos de los cuartos de final del Torneo Oficial<\/strong>, que en la ida hab\u00eda sido victoria para los del sindicato por 4 a 1.<\/p>\n<p>\u00a0<\/p>\n<p>Esta vez el enfrentamiento tambi\u00e9n tuvo muchos goles, pero varios expulsados. <strong>Fue 4 a 2 la victoria para los dirigidos por Fabricio Torres, pero por el resultado global, Municipales se impuso 6 a 5 y accedi\u00f3 a las semifinales del campeonato local<\/strong>.<\/p>\n<p>\u00a0<\/p>\n<p><strong>Mat\u00edas Abelairas, Lorenzo Ferrara, Emiliano Piecenti y Hugo Larregina<\/strong> marcaron para el conjunto \u201cFortinero\u201d, mientras que <strong>Camilo Di Filippo y Hugo Janson<\/strong>, de penal sobre el final del partido, hicieron lo propio para los de Senzacqua. Por otro lado, Gonz\u00e1lez, Ponce y Echarri vieron la roja en el local, en tanto que Ruschetti y P\u00e9rez fueron expulsados en la visita.<\/p>\n<p>\u00a0<\/p>\n<ul>\n<li>\n<h6><strong>Detalles del partido<\/strong><\/h6>\n<\/li>\n<\/ul>\n<p>\u00a0<\/p>\n<p>De entrada, El Fort\u00edn hizo lo que ten\u00eda que hacer: anotar un gol para reducir la brecha en el global.<strong> Y fue a los 2\u2019, por intermedio del \u201cPitu\u201d Abelairas que el conjunto local inici\u00f3 el duelo 1 \u2013 0 arriba<\/strong>. Para colmo a los 10\u2019, los de Torres perdieron a Ilekis (sali\u00f3 con una molestia f\u00edsica), pero siguieron constantes en terreno rival, a pesar de que Municipales lleg\u00f3 a los 12\u2019, con derechazo de Guzm\u00e1n que peg\u00f3 en la parte exterior del arco.<\/p>\n<p>\u00a0<\/p>\n<p>Y de tanto insistir arrib\u00f3 al segundo de la tarde. <strong>Fue a los 37\u2019 y lo hizo Lorenzo Ferrara, que alcanz\u00f3 a empujarla parado debajo del arco tras la devoluci\u00f3n de Bonavetti y pesar del esfuerzo de Bahl, la pelota termin\u00f3 ingresando completa. 2 a 0 para El Fort\u00edn y el global, en ese momento, 3 \u2013 4<\/strong>.<\/p>\n<p>\u00a0<\/p>\n<p>[soliloquy id=&#8221;45035&#8243;]<\/p>\n<p>\u00a0<\/p>\n<p>Las expulsiones llegaron sobre el cierre del primer tiempo. Primero Gonz\u00e1lez fue sancionado con doble amonestaci\u00f3n y Ruschetti vio la roja directa por protestar a los 46\u2019. No obstante, cuatro minutos despu\u00e9s y a instancias del asistente n\u00famero uno, P\u00e9rez fue expulsado y Municipales qued\u00f3 con nueve jugadores.<\/p>\n<p>\u00a0<\/p>\n<p>Para el segundo tiempo, Senzacqua tuvo que rearmar equipo y esquema por la falta de los dos zagueros centrales y apost\u00f3 por Salamanca y Rivas. Tuvieron efecto, porque fue todo de la visita hasta los 60\u2019 y a partir de all\u00ed, luego de una buena oportunidad de Rivas \u2013 asistido por Stular \u2013 que ataj\u00f3 Peralta,<strong> lleg\u00f3 el descuento en los pies de Camilo Di Filippo, que sac\u00f3 un bombazo y decret\u00f3 el 1 \u2013 2<\/strong>.<\/p>\n<p>\u00a0<\/p>\n<p>Exigido por lo sucedido, Torres mand\u00f3 a la cancha a Piecenti, Arce y Ponce para los minutos restantes, donde El Fort\u00edn volvi\u00f3 a tomar el control del partido y consigui\u00f3 igualar el resultado global. <strong>Corr\u00edan 62\u2019 en el cron\u00f3metro cuando Arce se proyect\u00f3 por derecha y mand\u00f3 un centro al punto penal para la definici\u00f3n a la red del \u201cConejo\u201d<\/strong>.<\/p>\n<p>\u00a0<\/p>\n<p>El cuarto gol tard\u00f3 en llegar. Antes Bonavetti hizo estallar el poste derecho con un disparo de media distancia (76\u2019) y Bahl le ataj\u00f3 una buena oportunidad al \u201cPupi\u201d Ponce (83\u2019). S<strong>in embargo, la emoci\u00f3n aterriz\u00f3 por la v\u00eda a\u00e9rea y Hugo Larregina, de cabeza, venci\u00f3 la resistencia del arquero Municipal, convirti\u00f3 el 4 a 1 y El Fort\u00edn empard\u00f3 el global<\/strong>.<\/p>\n<p>\u00a0<\/p>\n<p>Y cuando todo parec\u00eda que el partido iba directo a los penales, una infantil falta de Ponce (le cost\u00f3 la roja) sobre Loos cuando el equipo estaba saliendo fue pena m\u00e1xima cobrada a instancias del asistente uno a los 90\u2019. <strong>El encargado de intercambiar por gol fue Hugo Janson, dos minutos despu\u00e9s,<\/strong> y Municipales, con el descuento conseguido, dej\u00f3 el marcador 4 a 2, pero el global 6 \u2013 5 a su favor y se meti\u00f3 entre los cuatro mejores equipos del campeonato.<\/p>\n<hr \/>\n<ul>\n<li>\n<h6><strong>Semifinales del Torneo Oficial:<\/strong><\/h6>\n<\/li>\n<\/ul>\n<p>Racing \u2013 Municipales<\/p>\n<p>Embajadores \u2013 San Mart\u00edn<\/p>\n<hr \/>\n<p><strong>S\u00edntesis El Fort\u00edn \u2013 Municipales: \u00a0<\/strong><\/p>\n<p><strong>El Fort\u00edn (4):<\/strong> Franco Peralta; Emanuel Teves, Andr\u00e9s Ilekis (F. Navarro), Hugo Larregina, Cristian Echarri; Marcos Bonavetti (E. Pica), Gian Franco Di Tommaso (P. Ponce), Mat\u00edas Abelairas (A. Arce), Yoel Gonz\u00e1lez; Leonardo Benito y Lorenzo Ferrara (E. Piecenti). DT: Fabricio Torres.<\/p>\n<p><strong>Municipales (2): <\/strong>Gonzalo Bahl; Alejandro G\u00f3mez (A. Loos), Alan P\u00e9rez, Carlos Ruschetti, Claudio Gim\u00e9nez (A. M\u00e9ndez); Alexis Guzm\u00e1n, Camilo Di Filippo, Hugo Janson, Rodrigo Rodr\u00edguez (M. Salamanca); Alejandro Bianciotto (G. Rivas) y Joaqu\u00edn Stular (T. Quiroga). DT: Gabriel Senzacqua.<\/p>\n<p><strong>Goles<\/strong>: 2m. PT Mat\u00edas Abelairas (EF), 38m. PT Lorenzo Ferrara (EF); 12m. ST Camilo Di Filippo (M); 17m. ST Emiliano Piecenti (EF), 40m. ST Hugo Larregina (EF) y 45m. (+2) ST Hugo Janson \u2013 p \u2013 (M).<\/p>\n<p><strong>Amonestados<\/strong>: Navarro y Di Tommaso (El Fort\u00edn); Stular, Salamanca, Bahl, Gim\u00e9nez, Loos y Yael Mart\u00ednez \u2013 PF \u2013 (M).<\/p>\n<p><strong>Expulsados<\/strong>: 45m. (+1) PT Yoel Gonz\u00e1lez (EF) y Carlos Ruschetti (M), 45m. (+4) Alan P\u00e9rez (M); 44m. ST Paulo Ponce (EF) y 45m. (+1) ST Cristian Echarri (EF).<\/p>\n<p><strong>\u00c1rbitro<\/strong>: Mat\u00edas Messineo. <strong>Estadio<\/strong>: Ricardo S\u00e1nchez.<\/p>\n<\/div>\n","protected":false},"excerpt":{"rendered":"<p>El Fort\u00edn lo ganaba y hab\u00eda empardado el resultado general, pero en el ocaso del partido los de Senzacqua descontaron<\/p>\n","protected":false},"author":96739694,"featured_media":158673,"comment_status":"closed","ping_status":"closed","sticky":false,"template":"","format":"standard","meta":{"_jetpack_memberships_contains_paid_content":false,"footnotes":""},"categories":[35,1,41],"tags":[],"class_list":["post-137979","post","type-post","status-publish","format-standard","has-post-thumbnail","hentry","category-futbol","category-portada","category-primera-y-reserva"],"jetpack_featured_media_url":"https:\/\/i0.wp.com\/cdnoticias.com\/wp-content\/uploads\/2023\/11\/El-Fortin-Municipales-LFO-10.jpg?fit=1280%2C853&ssl=1","jetpack_sharing_enabled":true,"_links":{"self":[{"href":"https:\/\/cdnoticias.com\/index.php\/wp-json\/wp\/v2\/posts\/137979","targetHints":{"allow":["GET"]}}],"collection":[{"href":"https:\/\/cdnoticias.com\/index.php\/wp-json\/wp\/v2\/posts"}],"about":[{"href":"https:\/\/cdnoticias.com\/index.php\/wp-json\/wp\/v2\/types\/post"}],"author":[{"embeddable":true,"href":"https:\/\/cdnoticias.com\/index.php\/wp-json\/wp\/v2\/users\/96739694"}],"replies":[{"embeddable":true,"href":"https:\/\/cdnoticias.com\/index.php\/wp-json\/wp\/v2\/comments?post=137979"}],"version-history":[{"count":0,"href":"https:\/\/cdnoticias.com\/index.php\/wp-json\/wp\/v2\/posts\/137979\/revisions"}],"wp:featuredmedia":[{"embeddable":true,"href":"https:\/\/cdnoticias.com\/index.php\/wp-json\/wp\/v2\/media\/158673"}],"wp:attachment":[{"href":"https:\/\/cdnoticias.com\/index.php\/wp-json\/wp\/v2\/media?parent=137979"}],"wp:term":[{"taxonomy":"category","embeddable":true,"href":"https:\/\/cdnoticias.com\/index.php\/wp-json\/wp\/v2\/categories?post=137979"},{"taxonomy":"post_tag","embeddable":true,"href":"https:\/\/cdnoticias.com\/index.php\/wp-json\/wp\/v2\/tags?post=137979"}],"curies":[{"name":"wp","href":"https:\/\/api.w.org\/{rel}","templated":true}]}}