{"id":137977,"date":"2023-11-15T20:41:12","date_gmt":"2023-11-15T23:41:12","guid":{"rendered":"https:\/\/centraldeportes.com.ar\/?p=45032"},"modified":"2025-02-12T23:10:59","modified_gmt":"2025-02-13T02:10:59","slug":"mas-homenajes-a-herrera-bautizaron-el-kartodromo-y-el-gran-premio-coronacion-de-turismo-pista","status":"publish","type":"post","link":"https:\/\/cdnoticias.com\/index.php\/2023\/11\/15\/mas-homenajes-a-herrera-bautizaron-el-kartodromo-y-el-gran-premio-coronacion-de-turismo-pista\/","title":{"rendered":"M\u00e1s homenajes a Herrera: bautizaron el kart\u00f3dromo y el Gran Premio Coronaci\u00f3n de Turismo Pista"},"content":{"rendered":"<p>El AMCO bautiz\u00f3 el kart\u00f3dromo en un emotivo y breve acto y el Turismo Pista decidi\u00f3 que el Gran Premio Coronaci\u00f3n lleve el nombre del deportista fallecido en un accidente en la Ruta N\u00b0205.<!--more--><\/p>\n<hr \/>\n<p>Siguen los actos de reconocimiento para Agust\u00edn Herrera y el pasado domingo, en una emotiva ceremonia, el kart\u00f3dromo pas\u00f3 a llamarse como el piloto olavarriense.<\/p>\n<p>&nbsp;<\/p>\n<p>Hubo palabras de homenaje para el deportista por parte de Juan Traversa, presidente del AMCO en una reuni\u00f3n que cont\u00f3 con la presencia de familiares, amigos, la Comisi\u00f3n Directiva de la entidad y el intendente electo Maximiliano Wesner.<\/p>\n<p>&nbsp;<\/p>\n<p>Por otro lado, el Turismo Pista definir\u00e1 la temporada 2023 en el Aut\u00f3dromo Hermanos Emiliozzi y el Gran Premio Coronaci\u00f3n pasar\u00e1 a llamarse \u201cAgust\u00edn Herrera\u201d. Ser\u00e1 desde el 1\u00b0 de diciembre hasta el domingo 3 y se conocer\u00e1n los campeones del 2023.<\/p>\n<p>&nbsp;<\/p>\n<p>Los organizadores de la carrera dieron a conocer a trav\u00e9s de un comunicado que el \u00faltimo cap\u00edtulo de la temporada llevar\u00e1 el nombre de Agust\u00edn Herrera en homenaje al piloto que perdi\u00f3 la vida el pasado 2 de noviembre en un accidente vial en la ruta N\u00b0205.<\/p>\n","protected":false},"excerpt":{"rendered":"<p>El AMCO bautiz\u00f3 el kart\u00f3dromo en un emotivo y breve acto y el Turismo Pista decidi\u00f3 que el Gran Premio<\/p>\n","protected":false},"author":96739694,"featured_media":158677,"comment_status":"closed","ping_status":"closed","sticky":false,"template":"","format":"standard","meta":{"_jetpack_memberships_contains_paid_content":false,"footnotes":""},"categories":[34,1,49],"tags":[],"class_list":["post-137977","post","type-post","status-publish","format-standard","has-post-thumbnail","hentry","category-automovilismo","category-portada","category-turismo-pista"],"jetpack_featured_media_url":"https:\/\/i0.wp.com\/cdnoticias.com\/wp-content\/uploads\/2023\/11\/67-2-777x437-1.jpg?fit=777%2C437&ssl=1","jetpack_sharing_enabled":true,"_links":{"self":[{"href":"https:\/\/cdnoticias.com\/index.php\/wp-json\/wp\/v2\/posts\/137977","targetHints":{"allow":["GET"]}}],"collection":[{"href":"https:\/\/cdnoticias.com\/index.php\/wp-json\/wp\/v2\/posts"}],"about":[{"href":"https:\/\/cdnoticias.com\/index.php\/wp-json\/wp\/v2\/types\/post"}],"author":[{"embeddable":true,"href":"https:\/\/cdnoticias.com\/index.php\/wp-json\/wp\/v2\/users\/96739694"}],"replies":[{"embeddable":true,"href":"https:\/\/cdnoticias.com\/index.php\/wp-json\/wp\/v2\/comments?post=137977"}],"version-history":[{"count":0,"href":"https:\/\/cdnoticias.com\/index.php\/wp-json\/wp\/v2\/posts\/137977\/revisions"}],"wp:featuredmedia":[{"embeddable":true,"href":"https:\/\/cdnoticias.com\/index.php\/wp-json\/wp\/v2\/media\/158677"}],"wp:attachment":[{"href":"https:\/\/cdnoticias.com\/index.php\/wp-json\/wp\/v2\/media?parent=137977"}],"wp:term":[{"taxonomy":"category","embeddable":true,"href":"https:\/\/cdnoticias.com\/index.php\/wp-json\/wp\/v2\/categories?post=137977"},{"taxonomy":"post_tag","embeddable":true,"href":"https:\/\/cdnoticias.com\/index.php\/wp-json\/wp\/v2\/tags?post=137977"}],"curies":[{"name":"wp","href":"https:\/\/api.w.org\/{rel}","templated":true}]}}