{"id":137975,"date":"2023-11-15T19:20:57","date_gmt":"2023-11-15T22:20:57","guid":{"rendered":"https:\/\/centraldeportes.com.ar\/?p=45021"},"modified":"2025-02-12T23:11:00","modified_gmt":"2025-02-13T02:11:00","slug":"la-uco-y-la-col-organizaron-diversos-festivales-en-la-pista-municipal","status":"publish","type":"post","link":"https:\/\/cdnoticias.com\/index.php\/2023\/11\/15\/la-uco-y-la-col-organizaron-diversos-festivales-en-la-pista-municipal\/","title":{"rendered":"La UCO y la COL organizaron diversos festivales en la pista municipal"},"content":{"rendered":"<p>Entre s\u00e1bado y domingo, en la pista \u201cHumberto \u00c1ngel Corradi\u201d hubo actividad con nutrida presencia de deportistas de la Ciudad y la Regi\u00f3n.<!--more--><\/p>\n<hr \/>\n<p>Los cert\u00e1menes estuvieron organizados por la Uni\u00f3n de Ciclistas de Olavarr\u00eda y por la agrupaci\u00f3n Ciclismo Olavarriense Libre, mientras que la Asociaci\u00f3n Civil fue la anfitriona del s\u00e1bado, el domingo fue el turno para el nuevo grupo de colaboradores de la actividad.<\/p>\n<p>&nbsp;<\/p>\n<p>Los resultados de las principales categor\u00edas:<\/p>\n<p>S\u00e1bado:<\/p>\n<p>Libre:<br \/>\n1\u00b0 Nehu\u00e9n Erripa (Olavarr\u00eda)<br \/>\n2\u00b0 Renzo Amoroso (Olavarr\u00eda)<br \/>\n3\u00b0Emilio Spinella(Olavarr\u00eda)<br \/>\n4\u00b0 Facundo Dumerauf (Olavarr\u00eda)<br \/>\n5\u00b0 Jonathan Moyano (Balcarce)<br \/>\n6\u00b0 Andr\u00e9s Far\u00edas (Azul)<br \/>\n7\u00b0 Federico Brun (Olavarr\u00eda)<br \/>\n8\u00b0 Santiago Etchepare (Olavarr\u00eda)<\/p>\n<p>Damas \u00c9lite:<br \/>\n1\u00b0 Tania Ponce de Leon (Tapalqu\u00e9)<br \/>\n2\u00b0 Lucrecia Hern\u00e1ndez (Olavarr\u00eda)<br \/>\n3\u00b0 Lujan Barra (Tapalqu\u00e9)<br \/>\n4\u00b0Lorena Vega(Olavarr\u00eda)<br \/>\n5\u00b0Naqui Barrag\u00e1n (Rauch)<\/p>\n<p>&nbsp;<\/p>\n<p>Domingo:<\/p>\n<p>Libres:<br \/>\n1\u00b0 William Brun (Olavarr\u00eda)<br \/>\n2\u00b0 Facundo Dumerauf (Olavarr\u00eda)<br \/>\n3\u00b0 Nehu\u00e9n Erripa (Olavarr\u00eda)<br \/>\n4\u00b0 Santiago Etchepare (Azul)<br \/>\n5\u00b0 Franco Leguizam\u00f3n (Olavarr\u00eda)<br \/>\n6\u00b0 Federico Brun (Olavarr\u00eda)<br \/>\n7\u00b0 Marcos Sosa (Olavarr\u00eda)<br \/>\n8\u00b0 Claudio Flores (Tres Arroyos)<\/p>\n<p>Damas \u00c9lite:<br \/>\n1\u00b0 Lucrecia Hern\u00e1ndez (Olavarr\u00eda)<br \/>\n2\u00b0 Luj\u00e1n Barra (Tapalqu\u00e9)<br \/>\n3\u00b0 Patricia Tarquinio (Gral. Belgrano)<br \/>\n4\u00b0 Abril Azimonti (Azul)<br \/>\n5\u00b0 Lorena Vega (Olavarr\u00eda)<\/p>\n","protected":false},"excerpt":{"rendered":"<p>Entre s\u00e1bado y domingo, en la pista \u201cHumberto \u00c1ngel Corradi\u201d hubo actividad con nutrida presencia de deportistas de la Ciudad<\/p>\n","protected":false},"author":96739694,"featured_media":158679,"comment_status":"closed","ping_status":"closed","sticky":false,"template":"","format":"standard","meta":{"_jetpack_memberships_contains_paid_content":false,"footnotes":""},"categories":[30,1],"tags":[],"class_list":["post-137975","post","type-post","status-publish","format-standard","has-post-thumbnail","hentry","category-polideportivo","category-portada"],"jetpack_featured_media_url":"https:\/\/i0.wp.com\/cdnoticias.com\/wp-content\/uploads\/2023\/11\/400722930_813003427502365_742541636787991791_n.jpg?fit=2048%2C1536&ssl=1","jetpack_sharing_enabled":true,"_links":{"self":[{"href":"https:\/\/cdnoticias.com\/index.php\/wp-json\/wp\/v2\/posts\/137975","targetHints":{"allow":["GET"]}}],"collection":[{"href":"https:\/\/cdnoticias.com\/index.php\/wp-json\/wp\/v2\/posts"}],"about":[{"href":"https:\/\/cdnoticias.com\/index.php\/wp-json\/wp\/v2\/types\/post"}],"author":[{"embeddable":true,"href":"https:\/\/cdnoticias.com\/index.php\/wp-json\/wp\/v2\/users\/96739694"}],"replies":[{"embeddable":true,"href":"https:\/\/cdnoticias.com\/index.php\/wp-json\/wp\/v2\/comments?post=137975"}],"version-history":[{"count":0,"href":"https:\/\/cdnoticias.com\/index.php\/wp-json\/wp\/v2\/posts\/137975\/revisions"}],"wp:featuredmedia":[{"embeddable":true,"href":"https:\/\/cdnoticias.com\/index.php\/wp-json\/wp\/v2\/media\/158679"}],"wp:attachment":[{"href":"https:\/\/cdnoticias.com\/index.php\/wp-json\/wp\/v2\/media?parent=137975"}],"wp:term":[{"taxonomy":"category","embeddable":true,"href":"https:\/\/cdnoticias.com\/index.php\/wp-json\/wp\/v2\/categories?post=137975"},{"taxonomy":"post_tag","embeddable":true,"href":"https:\/\/cdnoticias.com\/index.php\/wp-json\/wp\/v2\/tags?post=137975"}],"curies":[{"name":"wp","href":"https:\/\/api.w.org\/{rel}","templated":true}]}}