{"id":137962,"date":"2023-11-13T20:13:32","date_gmt":"2023-11-13T23:13:32","guid":{"rendered":"https:\/\/centraldeportes.com.ar\/?p=44917"},"modified":"2025-02-12T23:09:18","modified_gmt":"2025-02-13T02:09:18","slug":"regatas-perdio-el-primer-clasico-correntino-de-la-temporada","status":"publish","type":"post","link":"https:\/\/cdnoticias.com\/index.php\/2023\/11\/13\/regatas-perdio-el-primer-clasico-correntino-de-la-temporada\/","title":{"rendered":"Regatas perdi\u00f3 el primer cl\u00e1sico correntino de la temporada"},"content":{"rendered":"<p>El \u201cRemero\u201d se vio sorprendido por San Mart\u00edn que se impuso en condici\u00f3n de visitante en lo que signific\u00f3 el primer cl\u00e1sico de la 40\u00b0 temporada de la Liga Nacional.<!--more--><\/p>\n<hr \/>\n<p>Regatas cay\u00f3 78 a 61 ante el \u201cRojinegro\u201d que se hizo fuerte como visitante para quedarse con una gran victoria en la noche de domingo.<\/p>\n<p>&nbsp;<\/p>\n<p>Como de costumbre, el duelo se vivi\u00f3 en un marco de total fiesta los simpatizantes de ambos equipos que colmaron el Jos\u00e9 Jorge Contte y que tambi\u00e9n colaboraron con los afectados por las inundaciones por la creciente del r\u00edo Paran\u00e1 y Uruguay. Se reunieron alimentos e insumos de limpieza para donar.<\/p>\n<p>&nbsp;<\/p>\n<p>En el equipo local, Alejandro Diez registr\u00f3 en su planilla 4 puntos y 4 rebotes en 18:38 minutos.<\/p>\n<p>&nbsp;<\/p>\n<p>Regatas sum\u00f3 su segunda ca\u00edda en fila, tiene r\u00e9cord de 4 victorias y 3 derrotas y volver\u00e1 a presentarse el lunes 20 en condici\u00f3n de local recibiendo a Comunicaciones.<\/p>\n","protected":false},"excerpt":{"rendered":"<p>El \u201cRemero\u201d se vio sorprendido por San Mart\u00edn que se impuso en condici\u00f3n de visitante en lo que signific\u00f3 el<\/p>\n","protected":false},"author":96739694,"featured_media":158599,"comment_status":"closed","ping_status":"closed","sticky":false,"template":"","format":"standard","meta":{"_jetpack_memberships_contains_paid_content":false,"footnotes":""},"categories":[31,36,1],"tags":[],"class_list":["post-137962","post","type-post","status-publish","format-standard","has-post-thumbnail","hentry","category-basquet","category-liga-nacional","category-portada"],"jetpack_featured_media_url":"https:\/\/i0.wp.com\/cdnoticias.com\/wp-content\/uploads\/2023\/11\/dsc_0084_lo-e1699917198193.jpg?fit=1500%2C867&ssl=1","jetpack_sharing_enabled":true,"_links":{"self":[{"href":"https:\/\/cdnoticias.com\/index.php\/wp-json\/wp\/v2\/posts\/137962","targetHints":{"allow":["GET"]}}],"collection":[{"href":"https:\/\/cdnoticias.com\/index.php\/wp-json\/wp\/v2\/posts"}],"about":[{"href":"https:\/\/cdnoticias.com\/index.php\/wp-json\/wp\/v2\/types\/post"}],"author":[{"embeddable":true,"href":"https:\/\/cdnoticias.com\/index.php\/wp-json\/wp\/v2\/users\/96739694"}],"replies":[{"embeddable":true,"href":"https:\/\/cdnoticias.com\/index.php\/wp-json\/wp\/v2\/comments?post=137962"}],"version-history":[{"count":0,"href":"https:\/\/cdnoticias.com\/index.php\/wp-json\/wp\/v2\/posts\/137962\/revisions"}],"wp:featuredmedia":[{"embeddable":true,"href":"https:\/\/cdnoticias.com\/index.php\/wp-json\/wp\/v2\/media\/158599"}],"wp:attachment":[{"href":"https:\/\/cdnoticias.com\/index.php\/wp-json\/wp\/v2\/media?parent=137962"}],"wp:term":[{"taxonomy":"category","embeddable":true,"href":"https:\/\/cdnoticias.com\/index.php\/wp-json\/wp\/v2\/categories?post=137962"},{"taxonomy":"post_tag","embeddable":true,"href":"https:\/\/cdnoticias.com\/index.php\/wp-json\/wp\/v2\/tags?post=137962"}],"curies":[{"name":"wp","href":"https:\/\/api.w.org\/{rel}","templated":true}]}}