{"id":137956,"date":"2023-11-13T05:43:53","date_gmt":"2023-11-13T08:43:53","guid":{"rendered":"https:\/\/centraldeportes.com.ar\/?p=44881"},"modified":"2025-02-12T23:09:26","modified_gmt":"2025-02-13T02:09:26","slug":"ferro-recupero-la-sonrisa-y-el-liderazgo-de-la-zona-9","status":"publish","type":"post","link":"https:\/\/cdnoticias.com\/index.php\/2023\/11\/13\/ferro-recupero-la-sonrisa-y-el-liderazgo-de-la-zona-9\/","title":{"rendered":"Ferro recuper\u00f3 la sonrisa y el liderazgo de la Zona 9"},"content":{"rendered":"\n<div class=\"wp-block-group is-layout-constrained wp-block-group-is-layout-constrained\">\n<p>El \u201cCarbonero\u201d derrot\u00f3 a Sportivo Piazza en el c\u00e9sped del Domingo Colasurdo y sum\u00f3 su segundo triunfo en el Torneo Regional Amateur.<!--more--><\/p>\n<hr \/>\n<p>En la tarde de este domingo, <strong>Ferro<\/strong> fue nuevamente local y recibi\u00f3 a <strong>Sportivo Piazza<\/strong> de Azul en el marco de la <strong>3\u00b0 fecha de la Zona 9<\/strong> perteneciente a la Regi\u00f3n Pampeana Sur.<\/p>\n<p>\u00a0<\/p>\n<p>Los dirigidos por Miguel Diorio se resarcieron de la ca\u00edda ante Velense del finde pasado y lograron sumar sus primeros tres puntos en el reducto de la avenida Pringles.<\/p>\n<p>\u00a0<\/p>\n<p><strong>Con doblete de Enzo Astiz, ambos en el primer tiempo, el \u201cCarbonero\u201d derrot\u00f3 2 a 0 a Sportivo Piazza<\/strong>, sum\u00f3 su segundo festejo en el certamen y recuper\u00f3 el liderazgo del grupo con seis unidades.<\/p>\n<p>\u00a0<\/p>\n<p>[soliloquy id=&#8221;44846&#8243;]<\/p>\n<p>\u00a0<\/p>\n<p>Ambos elencos finalizaron el partido con diez jugadores, ya que en el local fue expulsado <strong>Diego San Juli\u00e1n<\/strong>, mientras que <strong>Ramiro Funes<\/strong> vio la roja en el \u201cVillero\u201d.<\/p>\n<p>\u00a0<\/p>\n<p><strong>En la pr\u00f3xima fecha, Ferro<\/strong> tendr\u00e1 su \u00faltimo partido como local de la fase de grupos y <strong>recibir\u00e1 a Estudiantes<\/strong> en el arranque de los desquites.<\/p>\n<p>\u00a0<\/p>\n<p><strong>S\u00edntesis Ferro Carril Sud \u2013 Sportivo Piazza (Azul):\u00a0 <\/strong><\/p>\n<p><strong>Ferro Carril Sud (2):<\/strong> Tom\u00e1s Casas; Braian Tello, Gabriel Ferro, Mateo Tamagnini, Franco Hammerschmidt; Mat\u00edas Jalil (J. Ponce), Hern\u00e1n Paicil (M. Gargaglione), Diego San Juli\u00e1n, Rodrigo Garro (Acu\u00f1a); El\u00edas Guti\u00e9rrez, Enzo Astiz (T. Andreu). DT: Miguel Diorio.<\/p>\n<p><strong>Sportivo Piazza (0): <\/strong>Hern\u00e1n Barbieri; Hugo Iztueta (L. Pasgal), Jes\u00fas G\u00f3mez, Lucas Iztueta, Jonathan Peralta; Ramiro Funes, Esteban Valdez (B. Solano), Braian Carrizo; Lucas Laguna (E. Mazzacane), Federico Di Lorenzo (C. Herrera) y Agust\u00edn Escobar (M. Boungiorno). DT: Luis Paz.<\/p>\n<p><strong>Goles<\/strong>: 21m. PT y 33m. PT Enzo Astiz (FCS).<\/p>\n<p><strong>Amonestados<\/strong>: Hammerschmidt y Garro (Ferro); G\u00f3mez, Mazzacane (Sportivo Piazza).<\/p>\n<p><strong>Expulsados<\/strong>: Diego San Juli\u00e1n (FCS) y Ramiro Funes (SP).<\/p>\n<p><strong>\u00c1rbitro<\/strong>: Alberto Peralta (Ayacucho). <strong>Estadio<\/strong>: Domingo F. Colasurdo.<\/p>\n<\/div>\n","protected":false},"excerpt":{"rendered":"<p>El \u201cCarbonero\u201d derrot\u00f3 a Sportivo Piazza en el c\u00e9sped del Domingo Colasurdo y sum\u00f3 su segundo triunfo en el Torneo<\/p>\n","protected":false},"author":96739694,"featured_media":158611,"comment_status":"closed","ping_status":"closed","sticky":false,"template":"","format":"standard","meta":{"_jetpack_memberships_contains_paid_content":false,"footnotes":""},"categories":[35,1,54],"tags":[],"class_list":["post-137956","post","type-post","status-publish","format-standard","has-post-thumbnail","hentry","category-futbol","category-portada","category-torneo-regional-amateur"],"jetpack_featured_media_url":"https:\/\/i0.wp.com\/cdnoticias.com\/wp-content\/uploads\/2023\/11\/Ferro-TRFA-6.jpg?fit=1280%2C853&ssl=1","jetpack_sharing_enabled":true,"_links":{"self":[{"href":"https:\/\/cdnoticias.com\/index.php\/wp-json\/wp\/v2\/posts\/137956","targetHints":{"allow":["GET"]}}],"collection":[{"href":"https:\/\/cdnoticias.com\/index.php\/wp-json\/wp\/v2\/posts"}],"about":[{"href":"https:\/\/cdnoticias.com\/index.php\/wp-json\/wp\/v2\/types\/post"}],"author":[{"embeddable":true,"href":"https:\/\/cdnoticias.com\/index.php\/wp-json\/wp\/v2\/users\/96739694"}],"replies":[{"embeddable":true,"href":"https:\/\/cdnoticias.com\/index.php\/wp-json\/wp\/v2\/comments?post=137956"}],"version-history":[{"count":0,"href":"https:\/\/cdnoticias.com\/index.php\/wp-json\/wp\/v2\/posts\/137956\/revisions"}],"wp:featuredmedia":[{"embeddable":true,"href":"https:\/\/cdnoticias.com\/index.php\/wp-json\/wp\/v2\/media\/158611"}],"wp:attachment":[{"href":"https:\/\/cdnoticias.com\/index.php\/wp-json\/wp\/v2\/media?parent=137956"}],"wp:term":[{"taxonomy":"category","embeddable":true,"href":"https:\/\/cdnoticias.com\/index.php\/wp-json\/wp\/v2\/categories?post=137956"},{"taxonomy":"post_tag","embeddable":true,"href":"https:\/\/cdnoticias.com\/index.php\/wp-json\/wp\/v2\/tags?post=137956"}],"curies":[{"name":"wp","href":"https:\/\/api.w.org\/{rel}","templated":true}]}}