{"id":137955,"date":"2023-11-13T05:25:44","date_gmt":"2023-11-13T08:25:44","guid":{"rendered":"https:\/\/centraldeportes.com.ar\/?p=44875"},"modified":"2025-02-12T23:09:27","modified_gmt":"2025-02-13T02:09:27","slug":"municipales-sobre-el-final-logro-su-primer-festejo-en-el-regional-amateur","status":"publish","type":"post","link":"https:\/\/cdnoticias.com\/index.php\/2023\/11\/13\/municipales-sobre-el-final-logro-su-primer-festejo-en-el-regional-amateur\/","title":{"rendered":"Municipales, sobre el final, logr\u00f3 su primer festejo en el Regional Amateur"},"content":{"rendered":"<p>Por la 3\u00b0 fecha de la Zona 8 de la Regi\u00f3n Pampeana Sur, el elenco del sindicato venci\u00f3 a domicilio a Bancario de Daireaux por la m\u00ednima diferencia.<!--more--><\/p>\n<hr \/>\n<p>A la par del encuentro entre <a href=\"https:\/\/cdnoticias.com\/el-fortin-sumo-otra-victoria-y-es-lider-de-la-zona-8\/\">El Fort\u00edn \u2013 Balonpi\u00e9<\/a>, pero en Daireaux, <strong>Municipales<\/strong> afront\u00f3 su tercer compromiso de la Zona 8 y logr\u00f3 su primera victoria en una competencia organizada por el Consejo Federal.<\/p>\n<p>&nbsp;<\/p>\n<p>Cuando todo parec\u00eda una igualdad sin goles, el equipo de Gabriel Senzacqua sac\u00f3 algo m\u00e1s de un partido r\u00edspido y se trajo los tres puntos para Olavarr\u00eda.<\/p>\n<p>&nbsp;<\/p>\n<div class=\"tiled-gallery type-rectangular tiled-gallery-unresized\" data-original-width=\"800\" data-carousel-extra='null' itemscope itemtype=\"http:\/\/schema.org\/ImageGallery\" > <div class=\"gallery-row\" style=\"width: 800px; height: 800px;\" data-original-width=\"800\" data-original-height=\"800\" > <div class=\"gallery-group images-1\" style=\"width: 800px; height: 800px;\" data-original-width=\"800\" data-original-height=\"800\" > <div class=\"tiled-gallery-item tiled-gallery-item-large\" itemprop=\"associatedMedia\" itemscope itemtype=\"http:\/\/schema.org\/ImageObject\"> <a href=\"https:\/\/i0.wp.com\/cdnoticias.com\/wp-content\/uploads\/2022\/01\/E1s8QLfXIAMPzOL.jpg?ssl=1\" border=\"0\" itemprop=\"url\"> <meta itemprop=\"width\" content=\"796\"> <meta itemprop=\"height\" content=\"796\"> <img decoding=\"async\" class=\"\" data-attachment-id=\"44878\" data-orig-file=\"https:\/\/cdnoticias.com\/wp-content\/uploads\/2022\/01\/E1s8QLfXIAMPzOL.jpg\" data-orig-size=\"680,680\" data-comments-opened=\"\" data-image-meta=\"{&quot;aperture&quot;:&quot;0&quot;,&quot;credit&quot;:&quot;&quot;,&quot;camera&quot;:&quot;&quot;,&quot;caption&quot;:&quot;&quot;,&quot;created_timestamp&quot;:&quot;0&quot;,&quot;copyright&quot;:&quot;&quot;,&quot;focal_length&quot;:&quot;0&quot;,&quot;iso&quot;:&quot;0&quot;,&quot;shutter_speed&quot;:&quot;0&quot;,&quot;title&quot;:&quot;&quot;,&quot;orientation&quot;:&quot;0&quot;}\" data-image-title=\"E1s8QLfXIAMPzOL\" data-image-description=\"\" data-medium-file=\"https:\/\/i0.wp.com\/cdnoticias.com\/wp-content\/uploads\/2022\/01\/E1s8QLfXIAMPzOL.jpg?fit=300%2C300&#038;ssl=1\" data-large-file=\"https:\/\/i0.wp.com\/cdnoticias.com\/wp-content\/uploads\/2022\/01\/E1s8QLfXIAMPzOL.jpg?fit=680%2C680&#038;ssl=1\" src=\"https:\/\/i0.wp.com\/cdnoticias.com\/wp-content\/uploads\/2022\/01\/E1s8QLfXIAMPzOL.jpg?w=796&#038;h=796&#038;crop=1&#038;ssl=1\" srcset=\"https:\/\/i0.wp.com\/cdnoticias.com\/wp-content\/uploads\/2022\/01\/E1s8QLfXIAMPzOL.jpg?w=680&amp;ssl=1 680w, https:\/\/i0.wp.com\/cdnoticias.com\/wp-content\/uploads\/2022\/01\/E1s8QLfXIAMPzOL.jpg?resize=300%2C300&amp;ssl=1 300w, https:\/\/i0.wp.com\/cdnoticias.com\/wp-content\/uploads\/2022\/01\/E1s8QLfXIAMPzOL.jpg?resize=150%2C150&amp;ssl=1 150w\" width=\"796\" height=\"796\" loading=\"lazy\" data-original-width=\"796\" data-original-height=\"796\" itemprop=\"http:\/\/schema.org\/image\" title=\"E1s8QLfXIAMPzOL\" alt=\"Tambi\u00e9n cuenta con un ciclo radial en Radio Nacional Folcl\u00f3rica. Twitter @GuillepintosE\" style=\"width: 796px; height: 796px;\" \/> <\/a> <div class=\"tiled-gallery-caption\" itemprop=\"caption description\"> Tambi\u00e9n cuenta con un ciclo radial en Radio Nacional Folcl\u00f3rica. Twitter @GuillepintosE <\/div> <\/div> <\/div> <!-- close group --> <\/div> <!-- close row --> <\/div>\n<p>&nbsp;<\/p>\n<p><strong>Con un ag\u00f3nico gol de Gabriel Rivas a los 89\u2019, Municipales venci\u00f3 1 a 0 a Bancario<\/strong>, se arrim\u00f3 en el grupo y lleg\u00f3 a los 4 puntos.<\/p>\n<p>&nbsp;<\/p>\n<p>Finalizada la primera rueda de la fase de grupos, <strong>en la pr\u00f3xima fecha Municipales volver\u00e1 a verse las caras contra El Fort\u00edn<\/strong>, esta vez de visitante en el reducto de la avenida Urquiza.<\/p>\n<p>&nbsp;<\/p>\n<p><em><strong>Fotos: Gentileza de Claudio Stular.<\/strong><\/em><\/p>\n","protected":false},"excerpt":{"rendered":"<p>Por la 3\u00b0 fecha de la Zona 8 de la Regi\u00f3n Pampeana Sur, el elenco del sindicato venci\u00f3 a domicilio<\/p>\n","protected":false},"author":96739694,"featured_media":158615,"comment_status":"closed","ping_status":"closed","sticky":false,"template":"","format":"standard","meta":{"_jetpack_memberships_contains_paid_content":false,"footnotes":""},"categories":[35,1,54],"tags":[],"class_list":["post-137955","post","type-post","status-publish","format-standard","has-post-thumbnail","hentry","category-futbol","category-portada","category-torneo-regional-amateur"],"jetpack_featured_media_url":"https:\/\/i0.wp.com\/cdnoticias.com\/wp-content\/uploads\/2023\/11\/TRFA-Bancario-vs-Municipales-3%C2%B0-fecha.jpeg?fit=1000%2C666&ssl=1","jetpack_sharing_enabled":true,"_links":{"self":[{"href":"https:\/\/cdnoticias.com\/index.php\/wp-json\/wp\/v2\/posts\/137955","targetHints":{"allow":["GET"]}}],"collection":[{"href":"https:\/\/cdnoticias.com\/index.php\/wp-json\/wp\/v2\/posts"}],"about":[{"href":"https:\/\/cdnoticias.com\/index.php\/wp-json\/wp\/v2\/types\/post"}],"author":[{"embeddable":true,"href":"https:\/\/cdnoticias.com\/index.php\/wp-json\/wp\/v2\/users\/96739694"}],"replies":[{"embeddable":true,"href":"https:\/\/cdnoticias.com\/index.php\/wp-json\/wp\/v2\/comments?post=137955"}],"version-history":[{"count":0,"href":"https:\/\/cdnoticias.com\/index.php\/wp-json\/wp\/v2\/posts\/137955\/revisions"}],"wp:featuredmedia":[{"embeddable":true,"href":"https:\/\/cdnoticias.com\/index.php\/wp-json\/wp\/v2\/media\/158615"}],"wp:attachment":[{"href":"https:\/\/cdnoticias.com\/index.php\/wp-json\/wp\/v2\/media?parent=137955"}],"wp:term":[{"taxonomy":"category","embeddable":true,"href":"https:\/\/cdnoticias.com\/index.php\/wp-json\/wp\/v2\/categories?post=137955"},{"taxonomy":"post_tag","embeddable":true,"href":"https:\/\/cdnoticias.com\/index.php\/wp-json\/wp\/v2\/tags?post=137955"}],"curies":[{"name":"wp","href":"https:\/\/api.w.org\/{rel}","templated":true}]}}