{"id":137954,"date":"2023-11-13T05:10:03","date_gmt":"2023-11-13T08:10:03","guid":{"rendered":"https:\/\/centraldeportes.com.ar\/?p=44873"},"modified":"2025-02-12T23:09:29","modified_gmt":"2025-02-13T02:09:29","slug":"el-fortin-sumo-otra-victoria-y-es-lider-de-la-zona-8","status":"publish","type":"post","link":"https:\/\/cdnoticias.com\/index.php\/2023\/11\/13\/el-fortin-sumo-otra-victoria-y-es-lider-de-la-zona-8\/","title":{"rendered":"El Fort\u00edn sum\u00f3 otra victoria y es l\u00edder de la Zona 8"},"content":{"rendered":"<p>El elenco \u201cFortinero\u201d, que jug\u00f3 pr\u00e1cticamente todo el segundo tiempo con ventaja num\u00e9rica, venci\u00f3 2 a 1 a Balonpi\u00e9 de Bol\u00edvar en el Ricardo S\u00e1nchez.<!--more--><\/p>\n<hr \/>\n<p>Prosigui\u00f3 la acci\u00f3n en la <strong>Regi\u00f3n Pampeana Sur<\/strong> del Torneo Regional Amateur y en la tarde de este domingo, en el primer turno de la jornada, <strong>El Fort\u00edn<\/strong> volvi\u00f3 a ser local y recibi\u00f3 a <strong>Balonpi\u00e9<\/strong>, que ven\u00eda de ganar sus dos anteriores presentaciones. Fue en el marco de la <strong>3\u00b0 fecha de la Zona 8<\/strong>.<\/p>\n<p>&nbsp;<\/p>\n<p>Con goles de <strong>Leonardo Benito y Marcos Bonavetti<\/strong>, uno en cada tiempo,<strong> el equipo de Fabricio Torres le gan\u00f3 2 a 1 al conjunto bolivarense<\/strong> que lleg\u00f3 al descuento sobre el final con el tanto de <strong>Facundo Iriarte<\/strong> y que pudo haberlo empatado. Adem\u00e1s, el \u201cFortinero\u201d jug\u00f3 casi todo el segundo tiempo con un hombre de m\u00e1s por la expulsi\u00f3n de Mirko Marmouget en la visita.<\/p>\n<p>&nbsp;<\/p>\n<ul>\n<li>\n<h6><strong>Detalles del partido<\/strong><\/h6>\n<\/li>\n<\/ul>\n<p>&nbsp;<\/p>\n<p>Din\u00e1mico y entretenido fueron los primeros 45 minutos en el c\u00e9sped del Ricardo S\u00e1nchez. Ambos tuvieron llegadas a los arcos, pero fue El Fort\u00edn quien manej\u00f3 m\u00e1s tiempo la pelota, ejerci\u00f3 una buena presi\u00f3n en la primera l\u00ednea de Balonpi\u00e9\u00a0 y complic\u00f3 bastante a la defensa visitante por la banda derecha.<\/p>\n<p>&nbsp;<\/p>\n<p>A los 6\u2019 avis\u00f3 el equipo de la avenida Urquiza con un disparo raso de Piecenti \u2013 asistido por Benito \u2013 que termin\u00f3 en las manos de Aranas. Los de Maxwell, que tuvieron varias dudas en el fondo con la l\u00ednea de tres, respondieron tres minutos m\u00e1s tarde con potente remate de Panaro que pas\u00f3 pegado al palo. Y tambi\u00e9n ofreci\u00f3 lo suyo en la faceta ofensiva, pero se encontr\u00f3 con la seguridad de Ram\u00edrez en el arco local.<\/p>\n<p>&nbsp;<\/p>\n<p>Sin embargo, a los 21\u2019 El Fort\u00edn puso el 1 a 0 y quebr\u00f3 la paridad en el marcador. <strong>Gonz\u00e1lez apret\u00f3 la salida desde el fondo de Balonpi\u00e9, gan\u00f3 la disputa del bal\u00f3n y jug\u00f3 enseguida para Leonardo Benito que no dud\u00f3 en buscar el arco vac\u00edo y convirti\u00f3 el primero a pesar del intento de rechazo de Kunz debajo de los tres palos<\/strong>.<\/p>\n<p>&nbsp;<\/p>\n<p>[soliloquy id=&#8221;44840&#8243;]<\/p>\n<p>&nbsp;<\/p>\n<p>Por un codazo sobre Gonz\u00e1lez cuando ambos saltaron a cabecear, el combinado bolivarense qued\u00f3 con diez jugadores al inicio del segundo tiempo por la expulsi\u00f3n directa de Marmouget a los 51\u2019. Y tres minutos despu\u00e9s, por una mano de Sard\u00f3n dentro del \u00e1rea, el \u00e1rbitro que estaba cerca no dud\u00f3 y cobr\u00f3 la pena m\u00e1xima.<\/p>\n<p>&nbsp;<\/p>\n<p><strong>El \u201cPatotero\u201d Gonz\u00e1lez se encarg\u00f3 de la ejecuci\u00f3n a los 55\u2019, pero sac\u00f3 un disparo muy anunciado hacia la derecha y ataj\u00f3 notable Aranas<\/strong>. No obstante, de la jugada siguiente, lleg\u00f3 la segunda emoci\u00f3n de la tarde. Corr\u00edan 56\u2019 en el cron\u00f3metro. <strong>Larregina baj\u00f3 de cabeza un centro desde la derecha y Marcos Bonavetti le gan\u00f3 en el salto al arquero visitante, empuj\u00f3 de cabeza al gol y a pesar del rechazo del defensor debajo de los tres palos, la pelota entr\u00f3 toda y el gol fue r\u00e1pidamente convalidado por el asistente n\u00famero dos<\/strong>.<\/p>\n<p>&nbsp;<\/p>\n<p>Con la ventaja encima, El Fort\u00edn manej\u00f3 el partido, pero poco a poco fue bajando la intensidad y le dio la chance a Balonpi\u00e9, que con un jugador de menos, comenz\u00f3 a tener m\u00e1s llegada. Incluso a los 72\u2019, Ram\u00edrez le contuvo un testazo a Iriarte y mand\u00f3 la pelota al c\u00f3rner.<\/p>\n<p>&nbsp;<\/p>\n<p>Y en gran parte, fue por obra del experimentado arquero que el elenco de Fabricio Torres se qued\u00f3 con los tres puntos. Si bien a los 91\u2019, Facundo Iriarte venci\u00f3 su valla y le puso suspenso al partido con el tanto del descuento (de cabeza), <strong>la intervenci\u00f3n del ex Racing fue vital a la jugada siguiente, donde de manera notable le sac\u00f3 un tremendo cabezazo al mismo delantero bolivarense<\/strong>.<\/p>\n<p>&nbsp;<\/p>\n<p>Con este resultado, <strong>El Fort\u00edn lleg\u00f3 a los 7 puntos y es l\u00edder de la Zona 8<\/strong>. En la pr\u00f3xima fecha, ya en el inicio de las revanchas, ser\u00e1 nuevamente local y recibir\u00e1 a Municipales.<\/p>\n<p>&nbsp;<\/p>\n<p><strong>S\u00edntesis El Fort\u00edn \u2013 Balonpi\u00e9 (Bol\u00edvar): \u00a0<\/strong><\/p>\n<p><strong>El Fort\u00edn (2):<\/strong> N\u00e9stor Ram\u00edrez; Emanuel Teves (L. Eseberri), Hugo Larregina, Enzo Barrientos, Cristian Echarri; Marcos Bonavetti, Agust\u00edn Hatrick (P. Ponce), Mat\u00edas Abelairas; Leonardo Benito (A. Tolosa), Yoel Gonz\u00e1lez y Emiliano Piecenti (L. Ferrara). DT: Fabricio Torres.<\/p>\n<p><strong>Balonpi\u00e9 (1): <\/strong>Jonatan Aranas; Franco Irusta, Alberto Kunz (S. Hern\u00e1ndez), Mirko Marmouget; Nicol\u00e1s Sard\u00f3n, Joaqu\u00edn Jaremko, Alexandro Ben\u00edtez, Agust\u00edn Panaro (L. Garc\u00eda), Ernesto Sierra (P. Galv\u00e1n); Manuel Abent\u00edn y Facundo Iriarte. DT: Jos\u00e9 Maxwell.<\/p>\n<p><strong>Goles<\/strong>: 21m. PT Leonardo Benito y 11m. ST Marcos Bonavetti (EF); 45m. (+1) ST Facundo Iriarte (B).<\/p>\n<p><strong>Incidencias: <\/strong>Aranas (B) le contuvo un penal a Gonz\u00e1lez (EF) a los 55\u2019.<\/p>\n<p><strong>Amonestados<\/strong>: Iriarte y Jos\u00e9 Maxwell \u2013 DT \u2013 (Balonpi\u00e9).<\/p>\n<p><strong>Expulsados<\/strong>: 6m. ST Mirko Marmouget (B).<\/p>\n<p><strong>\u00c1rbitro<\/strong>: Daniel Grazziano (Azul). <strong>Estadio<\/strong>: Ricardo S\u00e1nchez.<\/p>\n","protected":false},"excerpt":{"rendered":"<p>El elenco \u201cFortinero\u201d, que jug\u00f3 pr\u00e1cticamente todo el segundo tiempo con ventaja num\u00e9rica, venci\u00f3 2 a 1 a Balonpi\u00e9 de<\/p>\n","protected":false},"author":96739694,"featured_media":158617,"comment_status":"closed","ping_status":"closed","sticky":false,"template":"","format":"standard","meta":{"_jetpack_memberships_contains_paid_content":false,"footnotes":""},"categories":[35,1,54],"tags":[],"class_list":["post-137954","post","type-post","status-publish","format-standard","has-post-thumbnail","hentry","category-futbol","category-portada","category-torneo-regional-amateur"],"jetpack_featured_media_url":"https:\/\/i0.wp.com\/cdnoticias.com\/wp-content\/uploads\/2023\/11\/El-Fortin-TRFA-3.jpg?fit=1280%2C853&ssl=1","jetpack_sharing_enabled":true,"_links":{"self":[{"href":"https:\/\/cdnoticias.com\/index.php\/wp-json\/wp\/v2\/posts\/137954","targetHints":{"allow":["GET"]}}],"collection":[{"href":"https:\/\/cdnoticias.com\/index.php\/wp-json\/wp\/v2\/posts"}],"about":[{"href":"https:\/\/cdnoticias.com\/index.php\/wp-json\/wp\/v2\/types\/post"}],"author":[{"embeddable":true,"href":"https:\/\/cdnoticias.com\/index.php\/wp-json\/wp\/v2\/users\/96739694"}],"replies":[{"embeddable":true,"href":"https:\/\/cdnoticias.com\/index.php\/wp-json\/wp\/v2\/comments?post=137954"}],"version-history":[{"count":0,"href":"https:\/\/cdnoticias.com\/index.php\/wp-json\/wp\/v2\/posts\/137954\/revisions"}],"wp:featuredmedia":[{"embeddable":true,"href":"https:\/\/cdnoticias.com\/index.php\/wp-json\/wp\/v2\/media\/158617"}],"wp:attachment":[{"href":"https:\/\/cdnoticias.com\/index.php\/wp-json\/wp\/v2\/media?parent=137954"}],"wp:term":[{"taxonomy":"category","embeddable":true,"href":"https:\/\/cdnoticias.com\/index.php\/wp-json\/wp\/v2\/categories?post=137954"},{"taxonomy":"post_tag","embeddable":true,"href":"https:\/\/cdnoticias.com\/index.php\/wp-json\/wp\/v2\/tags?post=137954"}],"curies":[{"name":"wp","href":"https:\/\/api.w.org\/{rel}","templated":true}]}}