{"id":137949,"date":"2023-11-12T12:25:11","date_gmt":"2023-11-12T15:25:11","guid":{"rendered":"https:\/\/centraldeportes.com.ar\/?p=44815"},"modified":"2025-02-12T23:09:35","modified_gmt":"2025-02-13T02:09:35","slug":"rodriguez-y-tarantola-representaron-a-argentina-en-la-copa-cosat","status":"publish","type":"post","link":"https:\/\/cdnoticias.com\/index.php\/2023\/11\/12\/rodriguez-y-tarantola-representaron-a-argentina-en-la-copa-cosat\/","title":{"rendered":"Rodr\u00edguez y Tar\u00e1ntola representaron a Argentina en la Copa COSAT"},"content":{"rendered":"<p>Las j\u00f3venes tenistas olavarrienses integraron la Delegaci\u00f3n \u201cAlbiceleste\u201d Sub 12 y lograron el quinto lugar en la competencia celebrada en Bolivia.<!--more--><\/p>\n<hr \/>\n<p>Enorme experiencia sumaron dos promesas del tenis olavarriense, que a lo largo de la semana representaron a <strong>Argentina<\/strong> en el certamen organizado por la <strong>Confederaci\u00f3n Sudamericana de Tenis (COSAT)<\/strong> finalizado el pasado s\u00e1bado.<\/p>\n<p>&nbsp;<\/p>\n<p><strong>Josefina Rodr\u00edguez y Agustina Tar\u00e1ntola<\/strong>, junto con la salte\u00f1a Florencia Mardones, <strong>formaron parte del equipo nacional femenino Sub 12 que compiti\u00f3 en Santa Cruz de la Sierra<\/strong> con superficie de tierra batida. Las tres tuvieron como capitana a Luciana Sarmienti y compitieron en la Zona A junto a <strong>Bolivia, Brasil y M\u00e9xico<\/strong>.<\/p>\n<p>&nbsp;<\/p>\n<p>En el partido debut, el combinado nacional cay\u00f3<strong> 2 a 1<\/strong> frente a las bolivianas. All\u00ed, <strong>Rodr\u00edguez<\/strong> se impuso con un doble 6 \u2013 3 ante Garc\u00eda en singles, pero cay\u00f3 en dobles junto con Mardones por 6 \u2013 0, 5 \u2013 7 y 10 \u2013 7 ante la dupla Sejas \u2013 Gonz\u00e1lez.<\/p>\n<p>&nbsp;<\/p>\n<p><img data-recalc-dims=\"1\" loading=\"lazy\" decoding=\"async\" class=\"aligncenter size-full wp-image-44817\" src=\"https:\/\/i0.wp.com\/cdnoticias.com\/wp-content\/uploads\/2023\/11\/Rodriguez-y-Tarantola-Copa-COSAT1-e1699802653681.jpg?resize=800%2C506&#038;ssl=1\" alt=\"\" width=\"800\" height=\"506\" \/><\/p>\n<p>&nbsp;<\/p>\n<p>Ante Brasil, las representantes \u201cAlbicelestes\u201d cayeron <strong>3 a 0<\/strong>. Josefina cedi\u00f3 ante Flavia Cherobim por 6 \u2013 3 y 7 \u2013 5 y luego ambas olavarrienses jugaron el partido de dobles donde cayeron 7 \u2013 5 y 6 \u2013 3.<\/p>\n<p>&nbsp;<\/p>\n<p>A la par, en el \u00faltimo partido de la Zona, Argentina perdi\u00f3 <strong>3 \u2013 0<\/strong> contra las j\u00f3venes de <strong>M\u00e9xico<\/strong>. Rodr\u00edguez jug\u00f3 uno de los singles y no pudo ante Marissa R\u00edos, quien se impuso por 6 \u2013 4, 4 \u2013 6 y 10 \u2013 3. Luego en el dobles, las representantes locales cedieron por 6 \u2013 1 y 7 \u2013 5 a manos del d\u00fao Valeria Cabral \u2013 Miranda Fern\u00e1ndez.<\/p>\n<p>&nbsp;<\/p>\n<p>No obstante, <strong>en la reclasificaci\u00f3n, las chicas lograron conseguir sendas victorias<\/strong>. En el primer turno vencieron a <strong>Ecuador<\/strong> 2 a 1, con el festejo 6 \u2013 4 y 6 \u2013 3 de Rodr\u00edguez ante Maite Castillo y con el punto del dobles entre Josefina y Agustina 7 \u2013 6 y 6 \u2013 0 ante Ana Machuca y Camila Zabala. Posteriormente, volvieron a verse las caras con las anfitrionas, pero esta vez lograron imponerse 2 a 0 y <strong>lograron el quinto puesto en el certamen internacional<\/strong>.<\/p>\n","protected":false},"excerpt":{"rendered":"<p>Las j\u00f3venes tenistas olavarrienses integraron la Delegaci\u00f3n \u201cAlbiceleste\u201d Sub 12 y lograron el quinto lugar en la competencia celebrada en<\/p>\n","protected":false},"author":96739694,"featured_media":158627,"comment_status":"closed","ping_status":"closed","sticky":false,"template":"","format":"standard","meta":{"_jetpack_memberships_contains_paid_content":false,"footnotes":""},"categories":[1,55],"tags":[],"class_list":["post-137949","post","type-post","status-publish","format-standard","has-post-thumbnail","hentry","category-portada","category-tenis-padel"],"jetpack_featured_media_url":"https:\/\/i0.wp.com\/cdnoticias.com\/wp-content\/uploads\/2023\/11\/Rodriguez-y-Tarantola-Copa-COSAT-e1699802621983.jpeg?fit=1000%2C653&ssl=1","jetpack_sharing_enabled":true,"_links":{"self":[{"href":"https:\/\/cdnoticias.com\/index.php\/wp-json\/wp\/v2\/posts\/137949","targetHints":{"allow":["GET"]}}],"collection":[{"href":"https:\/\/cdnoticias.com\/index.php\/wp-json\/wp\/v2\/posts"}],"about":[{"href":"https:\/\/cdnoticias.com\/index.php\/wp-json\/wp\/v2\/types\/post"}],"author":[{"embeddable":true,"href":"https:\/\/cdnoticias.com\/index.php\/wp-json\/wp\/v2\/users\/96739694"}],"replies":[{"embeddable":true,"href":"https:\/\/cdnoticias.com\/index.php\/wp-json\/wp\/v2\/comments?post=137949"}],"version-history":[{"count":0,"href":"https:\/\/cdnoticias.com\/index.php\/wp-json\/wp\/v2\/posts\/137949\/revisions"}],"wp:featuredmedia":[{"embeddable":true,"href":"https:\/\/cdnoticias.com\/index.php\/wp-json\/wp\/v2\/media\/158627"}],"wp:attachment":[{"href":"https:\/\/cdnoticias.com\/index.php\/wp-json\/wp\/v2\/media?parent=137949"}],"wp:term":[{"taxonomy":"category","embeddable":true,"href":"https:\/\/cdnoticias.com\/index.php\/wp-json\/wp\/v2\/categories?post=137949"},{"taxonomy":"post_tag","embeddable":true,"href":"https:\/\/cdnoticias.com\/index.php\/wp-json\/wp\/v2\/tags?post=137949"}],"curies":[{"name":"wp","href":"https:\/\/api.w.org\/{rel}","templated":true}]}}