{"id":137935,"date":"2023-11-09T23:32:46","date_gmt":"2023-11-10T02:32:46","guid":{"rendered":"https:\/\/centraldeportes.com.ar\/?p=44751"},"modified":"2025-02-12T23:08:02","modified_gmt":"2025-02-13T02:08:02","slug":"el-fortin-recibira-el-8-festival-de-narices-chatas","status":"publish","type":"post","link":"https:\/\/cdnoticias.com\/index.php\/2023\/11\/09\/el-fortin-recibira-el-8-festival-de-narices-chatas\/","title":{"rendered":"El Fort\u00edn recibir\u00e1 el 8\u00b0 festival de \u201cnarices chatas\u201d"},"content":{"rendered":"<p>En el gimnasio de Oto Box se llev\u00f3 a cabo el lanzamiento de un nuevo Festival de Boxeo organizado por Carlos L\u00f3pez y fiscalizado por la Comisi\u00f3n Municipal de Boxeo.<!--more--><\/p>\n<hr \/>\n<p>El tradicional evento mensual se llevar\u00e1 a cabo en la noche del viernes en el gimnasio de El Fort\u00edn y en el transcurso del pasado mi\u00e9rcoles se llev\u00f3 a cabo su presentaci\u00f3n.<\/p>\n<p>&nbsp;<\/p>\n<p>En el regreso de El\u00edas Olivetto al ring tras m\u00e1s de seis meses, habr\u00e1 otras 10 peleas en cartelera para el ante\u00faltimo encuentro del 2023.<\/p>\n<p>&nbsp;<\/p>\n<p>\u201c<strong><em>El organizar estos eventos de boxeo es para m\u00ed una pasi\u00f3n, disfruto de ir a los gimnasios y me esfuerzo para que el p\u00fablico se vaya contento y disfrute de las peleas<\/em><\/strong>\u201d, dijo Carlos L\u00f3pez antes de presentar a los boxeadores que se presentar\u00e1n desde las 21:00.<\/p>\n<p>&nbsp;<\/p>\n<p>De cara a lo que ser\u00e1 la velada, la organizaci\u00f3n confirm\u00f3 que debi\u00f3 afrontar complicaciones a la hora de confirmar la programaci\u00f3n y tambi\u00e9n con el periodo vigente de la Comisi\u00f3n Directiva del ente regulador del boxeo en la ciudad por lo que a\u00fan no pudieron precisar la despedida del a\u00f1o.<\/p>\n<p>&nbsp;<\/p>\n\n<p>&nbsp;<\/p>\n<p>El cronograma:<\/p>\n<p>Lautaro Haedo (Pendas Box) vs Axel S\u00e1nchez (Tres Arroyos)<br \/>\nRoc\u00edo Acosta (Matadero Box) vs Nidia Ascomando (La Plata)<br \/>\nMateo Palmieri (Orellana Box) vs Ezequiel Ale (La Plata)<br \/>\nCarlos S\u00e1nchez (Videla Box) vs Xavier Tiburcio (Tres Arroyos)<br \/>\nSol Rodr\u00edguez (Laprida) vs Gabriela Ledezma (Pinamar)<br \/>\nSof\u00eda Olivetto vs Paula Gim\u00e9nez (La Plata)<br \/>\nAlejandro Veja (Benito Ju\u00e1rez) vs Gonzalo Cruz (La Plata)<br \/>\nTom\u00e1s Coca (Cucaressi Box) vs Benjam\u00edn Castillo (Villa Gesell)<br \/>\nMariana L\u00f3pez (Oto Box) vs Yesica Lofredo (La Plata)<\/p>\n<p>Semifondo:<br \/>\nIsa\u00edas Olivetto (Oto Box) vs Enzo Mena (Laprida)<\/p>\n<p>Fondo:<br \/>\nEl\u00edas Olivetto (Oto Box) vs Alejandro Garc\u00eda (Pringles)<\/p>\n<p>&nbsp;<\/p>\n<p>\u201c<strong><em>Se ha hecho un cl\u00e1sico mensual, los festivales olavarriense y es algo muy lindo poder mantenerlo<\/em><\/strong>\u201d, sentenci\u00f3 L\u00f3pez antes de invitar a la comunidad a sumarse porque \u201c<em>me siento muy apoyado por los gimnasios locales<\/em>\u201d.<\/p>\n","protected":false},"excerpt":{"rendered":"<p>En el gimnasio de Oto Box se llev\u00f3 a cabo el lanzamiento de un nuevo Festival de Boxeo organizado por<\/p>\n","protected":false},"author":96739694,"featured_media":158547,"comment_status":"closed","ping_status":"closed","sticky":false,"template":"","format":"standard","meta":{"_jetpack_memberships_contains_paid_content":false,"footnotes":""},"categories":[30,1],"tags":[],"class_list":["post-137935","post","type-post","status-publish","format-standard","has-post-thumbnail","hentry","category-polideportivo","category-portada"],"jetpack_featured_media_url":"https:\/\/i0.wp.com\/cdnoticias.com\/wp-content\/uploads\/2023\/11\/boxeo-11-scaled.jpeg?fit=2560%2C1915&ssl=1","jetpack_sharing_enabled":true,"_links":{"self":[{"href":"https:\/\/cdnoticias.com\/index.php\/wp-json\/wp\/v2\/posts\/137935","targetHints":{"allow":["GET"]}}],"collection":[{"href":"https:\/\/cdnoticias.com\/index.php\/wp-json\/wp\/v2\/posts"}],"about":[{"href":"https:\/\/cdnoticias.com\/index.php\/wp-json\/wp\/v2\/types\/post"}],"author":[{"embeddable":true,"href":"https:\/\/cdnoticias.com\/index.php\/wp-json\/wp\/v2\/users\/96739694"}],"replies":[{"embeddable":true,"href":"https:\/\/cdnoticias.com\/index.php\/wp-json\/wp\/v2\/comments?post=137935"}],"version-history":[{"count":0,"href":"https:\/\/cdnoticias.com\/index.php\/wp-json\/wp\/v2\/posts\/137935\/revisions"}],"wp:featuredmedia":[{"embeddable":true,"href":"https:\/\/cdnoticias.com\/index.php\/wp-json\/wp\/v2\/media\/158547"}],"wp:attachment":[{"href":"https:\/\/cdnoticias.com\/index.php\/wp-json\/wp\/v2\/media?parent=137935"}],"wp:term":[{"taxonomy":"category","embeddable":true,"href":"https:\/\/cdnoticias.com\/index.php\/wp-json\/wp\/v2\/categories?post=137935"},{"taxonomy":"post_tag","embeddable":true,"href":"https:\/\/cdnoticias.com\/index.php\/wp-json\/wp\/v2\/tags?post=137935"}],"curies":[{"name":"wp","href":"https:\/\/api.w.org\/{rel}","templated":true}]}}