{"id":137924,"date":"2023-11-08T20:15:15","date_gmt":"2023-11-08T23:15:15","guid":{"rendered":"https:\/\/centraldeportes.com.ar\/?p=44670"},"modified":"2025-02-12T23:08:23","modified_gmt":"2025-02-13T02:08:23","slug":"gran-actuacion-de-menores-del-bata-en-neuquen","status":"publish","type":"post","link":"https:\/\/cdnoticias.com\/index.php\/2023\/11\/08\/gran-actuacion-de-menores-del-bata-en-neuquen\/","title":{"rendered":"Gran actuaci\u00f3n de Menores del \u201cBata\u201d en Neuqu\u00e9n"},"content":{"rendered":"<p>En el Rinc\u00f3n del Campo Golf Club de Neuqu\u00e9n durante el fin de semana, tres \u201cBataraces\u201d cerraron la participaci\u00f3n del a\u00f1o en los Torneos de Menores de la Federaci\u00f3n Regional de Golf del Sur con una excelente actuaci\u00f3n para ellos.<!--more--><\/p>\n<hr \/>\n<p>Jugadores de Estudiantes compitieron en Neuqu\u00e9n cerrando la temporada y fue con destacados resultados, destac\u00e1ndose Malena Bah\u00eda que en Damas fue segunda en Gross con 82 y 91 golpes respectivamente.<\/p>\n<p>&nbsp;<\/p>\n<p>Benjam\u00edn Isasa en M13 qued\u00f3 Cuarto con 109 y 96 golpes y Jorge Milocchi jug\u00f3 solo una ronda de Mini Birdies con 37 golpes.<\/p>\n<p>&nbsp;<\/p>\n<p>Por otro lado, se dio a conocer la actualizaci\u00f3n del Ranking de la Federaci\u00f3n Regional de Golf del Sur con muchos jugadores olavarrienses.<\/p>\n<p>Juveniles M25:<br \/>\n1\u00b0 Tom\u00e1s Bologna<br \/>\n4\u00b0 Valent\u00edn Cisneros<\/p>\n<p>Menores:<br \/>\n4\u00b0 Martiniano D\u00edaz Oviedo<br \/>\n6\u00b0 Conrado Gonz\u00e1lez Pini<\/p>\n<p>M13:<br \/>\n6\u00b0 Benjamin Isasa<\/p>\n<p>Albatros:<br \/>\n6\u00b0 Antonio Da Silva<br \/>\n17\u00b0 Dante Ezio<br \/>\n20\u00b0 Tom\u00e1s Ambroggi<\/p>\n<p>Eagles:<br \/>\n16\u00b0 Felipe Arenas<br \/>\n19\u00b0 Faustino Lamas<br \/>\n20\u00b0 Santiago Green<\/p>\n<p>Damas \u00danica:<br \/>\n1\u00b0 Malena Bahia<\/p>\n<p>Damas General:<br \/>\n2\u00b0 Malena Bahia<\/p>\n<p>Damas Eagles:<br \/>\n5\u00b0 Uma Springer<br \/>\n9\u00b0 Sol Isaza y Valentina D\u00edaz Oviedo<\/p>\n","protected":false},"excerpt":{"rendered":"<p>En el Rinc\u00f3n del Campo Golf Club de Neuqu\u00e9n durante el fin de semana, tres \u201cBataraces\u201d cerraron la participaci\u00f3n del<\/p>\n","protected":false},"author":96739694,"featured_media":158570,"comment_status":"closed","ping_status":"closed","sticky":false,"template":"","format":"standard","meta":{"_jetpack_memberships_contains_paid_content":false,"footnotes":""},"categories":[30,1],"tags":[],"class_list":["post-137924","post","type-post","status-publish","format-standard","has-post-thumbnail","hentry","category-polideportivo","category-portada"],"jetpack_featured_media_url":"https:\/\/i0.wp.com\/cdnoticias.com\/wp-content\/uploads\/2023\/11\/399426714_841214534675906_3910364376760477997_n-e1699475641155.jpg?fit=1440%2C856&ssl=1","jetpack_sharing_enabled":true,"_links":{"self":[{"href":"https:\/\/cdnoticias.com\/index.php\/wp-json\/wp\/v2\/posts\/137924","targetHints":{"allow":["GET"]}}],"collection":[{"href":"https:\/\/cdnoticias.com\/index.php\/wp-json\/wp\/v2\/posts"}],"about":[{"href":"https:\/\/cdnoticias.com\/index.php\/wp-json\/wp\/v2\/types\/post"}],"author":[{"embeddable":true,"href":"https:\/\/cdnoticias.com\/index.php\/wp-json\/wp\/v2\/users\/96739694"}],"replies":[{"embeddable":true,"href":"https:\/\/cdnoticias.com\/index.php\/wp-json\/wp\/v2\/comments?post=137924"}],"version-history":[{"count":0,"href":"https:\/\/cdnoticias.com\/index.php\/wp-json\/wp\/v2\/posts\/137924\/revisions"}],"wp:featuredmedia":[{"embeddable":true,"href":"https:\/\/cdnoticias.com\/index.php\/wp-json\/wp\/v2\/media\/158570"}],"wp:attachment":[{"href":"https:\/\/cdnoticias.com\/index.php\/wp-json\/wp\/v2\/media?parent=137924"}],"wp:term":[{"taxonomy":"category","embeddable":true,"href":"https:\/\/cdnoticias.com\/index.php\/wp-json\/wp\/v2\/categories?post=137924"},{"taxonomy":"post_tag","embeddable":true,"href":"https:\/\/cdnoticias.com\/index.php\/wp-json\/wp\/v2\/tags?post=137924"}],"curies":[{"name":"wp","href":"https:\/\/api.w.org\/{rel}","templated":true}]}}