{"id":137913,"date":"2023-11-06T20:04:38","date_gmt":"2023-11-06T23:04:38","guid":{"rendered":"https:\/\/centraldeportes.com.ar\/?p=44623"},"modified":"2023-11-06T20:04:38","modified_gmt":"2023-11-06T23:04:38","slug":"termino-la-liga-noroeste-con-podios-para-los-olavarrienses","status":"publish","type":"post","link":"https:\/\/cdnoticias.com\/index.php\/2023\/11\/06\/termino-la-liga-noroeste-con-podios-para-los-olavarrienses\/","title":{"rendered":"Termin\u00f3 la Liga Noroeste con podios para los olavarrienses"},"content":{"rendered":"\n<div class=\"wp-block-group is-layout-constrained wp-block-group-is-layout-constrained\">\n<p>El pasado domingo concluy\u00f3 una nueva edici\u00f3n de la Liga Noroeste y los dos equipos olavarrienses se subieron al podio.<!--more--><\/p>\n<hr \/>\n<p>En Jun\u00edn se llev\u00f3 a cabo el Final Four del certamen provincial y hasta all\u00ed lleg\u00f3 <strong>Estudiantes<\/strong> en condici\u00f3n de invicto, pero no lo pudo sostener y cay\u00f3 en dos cotejos ante Decanas que se consagr\u00f3 campe\u00f3n.<\/p>\n<p>\u00a0<\/p>\n<p>Adem\u00e1s, <strong>Racing<\/strong> termin\u00f3 en el tercer escal\u00f3n del podio.<\/p>\n<p>\u00a0<\/p>\n<div class=\"tiled-gallery type-rectangular tiled-gallery-unresized\" data-original-width=\"800\" data-carousel-extra='null' itemscope itemtype=\"http:\/\/schema.org\/ImageGallery\" > <div class=\"gallery-row\" style=\"width: 800px; height: 535px;\" data-original-width=\"800\" data-original-height=\"535\" > <div class=\"gallery-group images-1\" style=\"width: 800px; height: 535px;\" data-original-width=\"800\" data-original-height=\"535\" > <div class=\"tiled-gallery-item tiled-gallery-item-large\" itemprop=\"associatedMedia\" itemscope itemtype=\"http:\/\/schema.org\/ImageObject\"> <a href=\"https:\/\/i0.wp.com\/cdnoticias.com\/wp-content\/uploads\/2022\/01\/Punto-digital.jpg?ssl=1\" border=\"0\" itemprop=\"url\"> <meta itemprop=\"width\" content=\"796\"> <meta itemprop=\"height\" content=\"531\"> <img decoding=\"async\" class=\"\" data-attachment-id=\"44624\" data-orig-file=\"https:\/\/cdnoticias.com\/wp-content\/uploads\/2022\/01\/Punto-digital.jpg\" data-orig-size=\"640,427\" data-comments-opened=\"\" data-image-meta=\"{&quot;aperture&quot;:&quot;4&quot;,&quot;credit&quot;:&quot;&quot;,&quot;camera&quot;:&quot;NIKON D3100&quot;,&quot;caption&quot;:&quot;&quot;,&quot;created_timestamp&quot;:&quot;1504871910&quot;,&quot;copyright&quot;:&quot;&quot;,&quot;focal_length&quot;:&quot;18&quot;,&quot;iso&quot;:&quot;100&quot;,&quot;shutter_speed&quot;:&quot;0.008&quot;,&quot;title&quot;:&quot;&quot;,&quot;orientation&quot;:&quot;0&quot;}\" data-image-title=\"Punto-digital\" data-image-description=\"\" data-medium-file=\"https:\/\/i0.wp.com\/cdnoticias.com\/wp-content\/uploads\/2022\/01\/Punto-digital.jpg?fit=300%2C200&#038;ssl=1\" data-large-file=\"https:\/\/i0.wp.com\/cdnoticias.com\/wp-content\/uploads\/2022\/01\/Punto-digital.jpg?fit=640%2C427&#038;ssl=1\" src=\"https:\/\/i0.wp.com\/cdnoticias.com\/wp-content\/uploads\/2022\/01\/Punto-digital.jpg?w=796&#038;h=531&#038;ssl=1\" srcset=\"https:\/\/i0.wp.com\/cdnoticias.com\/wp-content\/uploads\/2022\/01\/Punto-digital.jpg?w=640&amp;ssl=1 640w, https:\/\/i0.wp.com\/cdnoticias.com\/wp-content\/uploads\/2022\/01\/Punto-digital.jpg?resize=300%2C200&amp;ssl=1 300w, https:\/\/i0.wp.com\/cdnoticias.com\/wp-content\/uploads\/2022\/01\/Punto-digital.jpg?resize=272%2C182&amp;ssl=1 272w\" width=\"796\" height=\"531\" loading=\"lazy\" data-original-width=\"796\" data-original-height=\"531\" itemprop=\"http:\/\/schema.org\/image\" title=\"Punto-digital\" alt=\"Punto-digital\" style=\"width: 796px; height: 531px;\" \/> <\/a> <\/div> <\/div> <!-- close group --> <\/div> <!-- close row --> <\/div>\n<p>\u00a0<\/p>\n<ul>\n<li>\n<h6><strong>Los resultados:<\/strong><\/h6>\n<\/li>\n<\/ul>\n<p>\u00a0<\/p>\n<p>Racing <strong>13 \u2013 3<\/strong> Vikingas de Los Toldos<\/p>\n<p>Estudiantes <strong>4 \u2013 5<\/strong> Decanas de Los Toldos<\/p>\n<p>Racing <strong>5 \u2013 10<\/strong> Estudiantes<\/p>\n<p>\u00a0<\/p>\n<h6>Final:<\/h6>\n<p>Decanas<strong> 10 \u2013 9<\/strong> Estudiantes<\/p>\n<p>\u00a0<\/p>\n<p>Por otro lado, se anunci\u00f3 que el fin de semana del 25 y 26 de noviembre en el diamante del Club Estudiantes se llevar\u00e1 a cabo una nueva edici\u00f3n de la Copa \u201cSole Angeletti\u201d.<\/p>\n<\/div>\n","protected":false},"excerpt":{"rendered":"<p>El pasado domingo concluy\u00f3 una nueva edici\u00f3n de la Liga Noroeste y los dos equipos olavarrienses se subieron al podio.<\/p>\n","protected":false},"author":96739695,"featured_media":44625,"comment_status":"closed","ping_status":"closed","sticky":false,"template":"","format":"standard","meta":{"_jetpack_memberships_contains_paid_content":false,"footnotes":""},"categories":[30,1],"tags":[],"class_list":["post-137913","post","type-post","status-publish","format-standard","has-post-thumbnail","hentry","category-polideportivo","category-portada"],"jetpack_featured_media_url":"","jetpack_sharing_enabled":true,"_links":{"self":[{"href":"https:\/\/cdnoticias.com\/index.php\/wp-json\/wp\/v2\/posts\/137913","targetHints":{"allow":["GET"]}}],"collection":[{"href":"https:\/\/cdnoticias.com\/index.php\/wp-json\/wp\/v2\/posts"}],"about":[{"href":"https:\/\/cdnoticias.com\/index.php\/wp-json\/wp\/v2\/types\/post"}],"author":[{"embeddable":true,"href":"https:\/\/cdnoticias.com\/index.php\/wp-json\/wp\/v2\/users\/96739695"}],"replies":[{"embeddable":true,"href":"https:\/\/cdnoticias.com\/index.php\/wp-json\/wp\/v2\/comments?post=137913"}],"version-history":[{"count":0,"href":"https:\/\/cdnoticias.com\/index.php\/wp-json\/wp\/v2\/posts\/137913\/revisions"}],"wp:featuredmedia":[{"embeddable":true,"href":"https:\/\/cdnoticias.com\/index.php\/wp-json\/"}],"wp:attachment":[{"href":"https:\/\/cdnoticias.com\/index.php\/wp-json\/wp\/v2\/media?parent=137913"}],"wp:term":[{"taxonomy":"category","embeddable":true,"href":"https:\/\/cdnoticias.com\/index.php\/wp-json\/wp\/v2\/categories?post=137913"},{"taxonomy":"post_tag","embeddable":true,"href":"https:\/\/cdnoticias.com\/index.php\/wp-json\/wp\/v2\/tags?post=137913"}],"curies":[{"name":"wp","href":"https:\/\/api.w.org\/{rel}","templated":true}]}}