{"id":137908,"date":"2023-11-06T06:35:21","date_gmt":"2023-11-06T09:35:21","guid":{"rendered":"https:\/\/centraldeportes.com.ar\/?p=44594"},"modified":"2023-11-06T06:35:21","modified_gmt":"2023-11-06T09:35:21","slug":"racing-festejo-en-tandil-estudiantes-igualo-en-azul-y-municipales-cayo-en-bolivar","status":"publish","type":"post","link":"https:\/\/cdnoticias.com\/index.php\/2023\/11\/06\/racing-festejo-en-tandil-estudiantes-igualo-en-azul-y-municipales-cayo-en-bolivar\/","title":{"rendered":"Racing festej\u00f3 en Tandil, Estudiantes igual\u00f3 en Azul y Municipales cay\u00f3 en Bol\u00edvar"},"content":{"rendered":"\n<div class=\"wp-block-group is-layout-constrained wp-block-group-is-layout-constrained\">\n<p>Con resultados distintos, los tres representantes olavarrienses salieron a la ruta y afrontaron la 2\u00b0 fecha del Torneo Regional Amateur.<!--more--><\/p>\n<hr \/>\n<p>Tres de los equipos de Olavarr\u00eda encararon este domingo por la tarde su segundo partido del <strong>Torneo Regional Amateur<\/strong> en condici\u00f3n de visitante y hubo distintas realidades en cuanto a los resultados.<\/p>\n<p>\u00a0<\/p>\n<p>En el primer turno, <strong>Estudiantes viaj\u00f3 hasta Azul y se midi\u00f3 contra Sportivo Piazza, pero no se sacaron ventajas<\/strong>. Fue un <strong>0 a 0<\/strong> que le permiti\u00f3 al \u201cBata\u201d sumar su primer punto en la Zona 9 de la Regi\u00f3n Pampeana Sur, que tambi\u00e9n tuvo la <a href=\"https:\/\/centraldeportes.com.ar\/velense-sorprendio-y-dio-el-golpe-en-el-colasurdo\/\">derrota de Ferro<\/a> a manos de Velense.<\/p>\n<p>\u00a0<\/p>\n<p>Por otro lado, en el Estadio Municipal General San Mart\u00edn, <strong>Racing, que en la misma jugada pudo haber encontrado la desventaja, anot\u00f3 el gol del triunfo 1 a 0 sobre Gimnasia y Esgrima de Tandil<\/strong>.<\/p>\n<p>\u00a0<\/p>\n<p><img data-recalc-dims=\"1\" loading=\"lazy\" decoding=\"async\" class=\"aligncenter size-full wp-image-44597\" src=\"https:\/\/i0.wp.com\/centraldeportes.com.ar\/wp-content\/uploads\/2023\/11\/TRFA-Racing-2%C2%B0-fecha-e1699263251445.jpeg?resize=800%2C550&#038;ssl=1\" alt=\"\" width=\"800\" height=\"550\" \/><\/p>\n<p>\u00a0<\/p>\n<p>Es que de un penal en contra (fall\u00f3 la ejecuci\u00f3n el arquero), el \u201cChaira\u201d asest\u00f3 un notable contragolpe y <strong>Justino Borra<\/strong>, con el arco a su merced, anot\u00f3 el \u00fanico tanto del partido. Adem\u00e1s, sufri\u00f3 la expulsi\u00f3n de Pablo Mujica por festejo desmedido. No obstante, con el resultado obtenido,<strong> los de Garc\u00eda Lorenzo son los \u00fanicos punteros de la Zona 10<\/strong> y en la pr\u00f3xima fecha quedar\u00e1n libres.<\/p>\n<p>\u00a0<\/p>\n<p>Minutos m\u00e1s tarde en Bol\u00edvar y en la continuidad de la Zona 8 luego del <a href=\"https:\/\/centraldeportes.com.ar\/el-fortin-goleo-a-bancario-y-logro-su-primer-triunfo-en-el-regional\/\">festejo \u201cFortinero\u201d<\/a>, <strong>Municipales no pudo con Balonpi\u00e9 en el Estadio Alem y cay\u00f3 3 a 0 con goles de Facundo Iriarte, Facundo Sierra y Pedro Galv\u00e1n<\/strong> desde la pena m\u00e1xima. Adem\u00e1s, el arquero Jonathan Aranas le contuvo un penal a Alejandro Bianciotto.<\/p>\n<p>\u00a0<\/p>\n\n<hr \/>\n<ul>\n<li>\n<h6><strong>Tablas de posiciones:<\/strong><\/h6>\n<\/li>\n<\/ul>\n<p><\/p>\n<figure class=\"wp-block-image\"><img data-recalc-dims=\"1\" loading=\"lazy\" decoding=\"async\" class=\"aligncenter wp-image-44610\" src=\"https:\/\/i0.wp.com\/centraldeportes.com.ar\/wp-content\/uploads\/2023\/11\/TRFA-2%C2%B0-fecha-Zona-8.png?resize=788%2C241&#038;ssl=1\" alt=\"Zona 8\" width=\"788\" height=\"241\" \/><\/figure>\n<p>\u00a0<\/p>\n<p><\/p>\n<figure class=\"wp-block-image\"><img data-recalc-dims=\"1\" decoding=\"async\" class=\"wp-image-44586 aligncenter\" src=\"https:\/\/i0.wp.com\/centraldeportes.com.ar\/wp-content\/uploads\/2023\/11\/TRFA-2%C2%B0-fecha-Zona-9.png?w=800&#038;ssl=1\" alt=\"\" \/><\/figure>\n<p>\u00a0<\/p>\n<p><\/p>\n<figure class=\"wp-block-image\"><img data-recalc-dims=\"1\" decoding=\"async\" class=\"wp-image-44611 aligncenter\" src=\"https:\/\/i0.wp.com\/centraldeportes.com.ar\/wp-content\/uploads\/2023\/11\/TRFA-2%C2%B0-fecha-Zona-10.png?w=800&#038;ssl=1\" alt=\"\" \/><\/figure>\n<p><\/p>\n<p><\/p>\n<p><\/p>\n<p>\u00a0<\/p>\n<p><em><strong>Foto portada: Nico Murcia \/\/ @nicomurciav.<\/strong><\/em><\/p>\n<\/div>\n","protected":false},"excerpt":{"rendered":"<p>Con resultados distintos, los tres representantes olavarrienses salieron a la ruta y afrontaron la 2\u00b0 fecha del Torneo Regional Amateur.<\/p>\n","protected":false},"author":96739695,"featured_media":44595,"comment_status":"closed","ping_status":"closed","sticky":false,"template":"","format":"standard","meta":{"_jetpack_memberships_contains_paid_content":false,"footnotes":""},"categories":[35,1,54],"tags":[],"class_list":["post-137908","post","type-post","status-publish","format-standard","has-post-thumbnail","hentry","category-futbol","category-portada","category-torneo-regional-amateur"],"jetpack_featured_media_url":"","jetpack_sharing_enabled":true,"_links":{"self":[{"href":"https:\/\/cdnoticias.com\/index.php\/wp-json\/wp\/v2\/posts\/137908","targetHints":{"allow":["GET"]}}],"collection":[{"href":"https:\/\/cdnoticias.com\/index.php\/wp-json\/wp\/v2\/posts"}],"about":[{"href":"https:\/\/cdnoticias.com\/index.php\/wp-json\/wp\/v2\/types\/post"}],"author":[{"embeddable":true,"href":"https:\/\/cdnoticias.com\/index.php\/wp-json\/wp\/v2\/users\/96739695"}],"replies":[{"embeddable":true,"href":"https:\/\/cdnoticias.com\/index.php\/wp-json\/wp\/v2\/comments?post=137908"}],"version-history":[{"count":0,"href":"https:\/\/cdnoticias.com\/index.php\/wp-json\/wp\/v2\/posts\/137908\/revisions"}],"wp:featuredmedia":[{"embeddable":true,"href":"https:\/\/cdnoticias.com\/index.php\/wp-json\/wp\/v2\/posts\/44595"}],"wp:attachment":[{"href":"https:\/\/cdnoticias.com\/index.php\/wp-json\/wp\/v2\/media?parent=137908"}],"wp:term":[{"taxonomy":"category","embeddable":true,"href":"https:\/\/cdnoticias.com\/index.php\/wp-json\/wp\/v2\/categories?post=137908"},{"taxonomy":"post_tag","embeddable":true,"href":"https:\/\/cdnoticias.com\/index.php\/wp-json\/wp\/v2\/tags?post=137908"}],"curies":[{"name":"wp","href":"https:\/\/api.w.org\/{rel}","templated":true}]}}