{"id":137906,"date":"2023-11-06T00:25:00","date_gmt":"2023-11-06T03:25:00","guid":{"rendered":"https:\/\/centraldeportes.com.ar\/?p=44584"},"modified":"2023-11-06T00:25:00","modified_gmt":"2023-11-06T03:25:00","slug":"velense-sorprendio-y-dio-el-golpe-en-el-colasurdo","status":"publish","type":"post","link":"https:\/\/cdnoticias.com\/index.php\/2023\/11\/06\/velense-sorprendio-y-dio-el-golpe-en-el-colasurdo\/","title":{"rendered":"Velense sorprendi\u00f3 y dio el golpe en el Colasurdo"},"content":{"rendered":"<p>Por la 2\u00b0 fecha del Torneo Regional Amateur, Ferro cay\u00f3 por la m\u00ednima diferencia ante el \u201cVerdirrojo\u201d de la Liga de Tandil que, con el triunfo conseguido, se acomod\u00f3 como \u00fanico l\u00edder de la Zona 9.<!--more--><\/p>\n<hr \/>\n<p>Con la presencia de sus hinchas y en su primer partido como local, <strong>Ferro<\/strong> recibi\u00f3 este domingo a <strong>Social Velense<\/strong> de Mar\u00eda Ignacia por la <strong>2\u00b0 fecha de la Zona 9<\/strong> de la Regi\u00f3n Pampeana Sur, pero no tuvo una buena tarde y dej\u00f3 escapar la chance de quedar como \u00fanico l\u00edder.<\/p>\n<p>&nbsp;<\/p>\n<p><strong>El \u201cCarbonero\u201d<\/strong>, que cont\u00f3 con situaciones para abrir el marcador o igualarlo,\u00a0 <strong>pec\u00f3 de algunas falencias defensivas y cay\u00f3 1 a 0 a manos del \u201cVerdirrojo\u201d de la Liga de Tandil, que lleg\u00f3 al gol por intermedio de Mauro Ruiz S\u00e1nchez<\/strong> en el segundo tiempo y se llev\u00f3 tres puntos importantes de Olavarr\u00eda. Hubo empujones y encontronazos sobre el final del encuentro. Adem\u00e1s, fue informado Zalazar en el cuerpo t\u00e9cnico del conjunto local.<\/p>\n<p>&nbsp;<\/p>\n<ul>\n<li><strong>Detalles del partido<\/strong><\/li>\n<\/ul>\n<p>&nbsp;<\/p>\n<p>Sin preponderancias para ninguna de las dos escuadras, el primer tiempo fue de tr\u00e1mite parejo, no se sacaron ventajas y ambos tuvieron llegada al arco rival. No obstante, fue Ferro el que tuvo las ocasiones de gol m\u00e1s peligrosas, aunque desenton\u00f3 con algunos errores defensivos que minutos m\u00e1s tarde iba a pagar caro (perdi\u00f3 varias pelotas y en ocasiones qued\u00f3 mal parado).<\/p>\n<p>&nbsp;<\/p>\n<p>Los de Moreno, con sus armas (sobre todo la pelota detenida), complicaron a Ferro en la \u00faltima l\u00ednea, pero no incomodaron a Casas bajo los tres palos. En contraparte, a los 13\u2019, Tolnai avis\u00f3 con un zurdazo elevado que se perdi\u00f3 por encima del horizontal.<\/p>\n<p>&nbsp;<\/p>\n<p>[soliloquy id=&#8221;44569&#8243;]<\/p>\n<p>&nbsp;<\/p>\n<p>Dos cabezazos en el \u00e1rea, uno de Astiz y otro de San Juli\u00e1n a los 41\u2019, alertaron al arquero Andr\u00e9s, que dos minutos m\u00e1s tarde, vio como Hammerschmidt impact\u00f3 un disparo de larga distancia en el travesa\u00f1o. Pudo haber sido el primero para el equipo de Diorio.<\/p>\n<p>&nbsp;<\/p>\n<p>Comenzado el segundo tiempo, Garro prob\u00f3 desde la puerta del \u00e1rea y nuevamente el poste horizontal le neg\u00f3 el primer grito de la tarde a Ferro. A pesar del resultado fue un buen partido del ex El Fort\u00edn junto con El\u00edas Guti\u00e9rrez, de incansable ida y vuelta volcado sobre la banda derecha.<\/p>\n<p>&nbsp;<\/p>\n<p>Sin embargo, cuando corr\u00edan 52\u2019 en el cron\u00f3metro, Social Velense encontr\u00f3 agua entre las piedras.<strong> Mauro Ruiz S\u00e1nchez, sobre el sector izquierdo, luch\u00f3 y gan\u00f3 la posici\u00f3n a Tamagnini, enganch\u00f3 y la clav\u00f3 \u2013 casi sin \u00e1ngulo \u2013 al segundo palo de Casas, que poco pudo hacer.<\/strong> 0 \u2013 1 y a cobrar para el \u201cVerdirrojo\u201d.<\/p>\n<p>&nbsp;<\/p>\n<p>El \u201cCarbonero\u201d sinti\u00f3 el golpe y no fue el mismo que el del primer tiempo. Perdi\u00f3 r\u00e1pido la pelota, gener\u00f3 poco en ofensiva y dej\u00f3 venir a Velense que a los 69\u2019, de no ser por Casas, pudo haber aumentado la ventaja. El ex C\u00edrculo Deportivo detuvo a mano cambiada un buen intento de Pasar\u00edn, que la agarr\u00f3 de \u201ccachetada\u201d en buena posici\u00f3n.<\/p>\n<p>&nbsp;<\/p>\n<p>Con las variantes efectuadas, los dirigidos por Miguel Diorio apretaron arriba en los minutos finales y salvo un cabezazo desviado de Astiz, no gener\u00f3 mucho m\u00e1s para lograr la paridad y se qued\u00f3 con las manos vac\u00edas en su primer partido en casa.<\/p>\n<p>&nbsp;<\/p>\n<p>Hubo empujones y encontronazos entre los protagonistas sobre el final del partido, que terminaron desembocando con m\u00e1s vehemencia en zona de ingreso a los vestuarios. Seg\u00fan se averigu\u00f3, todo se desencaden\u00f3 porque un jugador de Velense le festej\u00f3 el triunfo a viva voz a San Juli\u00e1n (sali\u00f3 lesionado) al ingresar al campo tras el pitazo final del \u00e1rbitro, qui\u00e9n termin\u00f3 informando a Franco Zalazar (Ayudante de campo de Ferro).<\/p>\n<p>&nbsp;<\/p>\n<h6>Los 600 de un hist\u00f3rico del Club<\/h6>\n<p>Previo al inicio del partido, la Subcomisi\u00f3n de F\u00fatbol de Ferro entreg\u00f3 un reconocimiento a <strong>Maximiliano Gargaglione por cumplir 600 partidos en Primera Divisi\u00f3n con la camiseta del \u201cCarbonero\u201d<\/strong>. Acompa\u00f1\u00f3 la familia del \u201cPocho\u201d junto con Ruperto Bachi de Bicitours y el intendente electo, Maximiliano Wesner.<\/p>\n<p>&nbsp;<\/p>\n<p><img data-recalc-dims=\"1\" loading=\"lazy\" decoding=\"async\" class=\"aligncenter size-full wp-image-44585\" src=\"https:\/\/i0.wp.com\/centraldeportes.com.ar\/wp-content\/uploads\/2023\/11\/Maximiliano-Gargaglione-600-partidos-en-Primera-rotated-e1699240746308.jpg?resize=748%2C362&#038;ssl=1\" alt=\"\" width=\"748\" height=\"362\" \/><\/p>\n<hr \/>\n<p><img data-recalc-dims=\"1\" loading=\"lazy\" decoding=\"async\" class=\"aligncenter size-full wp-image-44586\" src=\"https:\/\/i0.wp.com\/centraldeportes.com.ar\/wp-content\/uploads\/2023\/11\/TRFA-2%C2%B0-fecha-Zona-9.png?resize=795%2C243&#038;ssl=1\" alt=\"\" width=\"795\" height=\"243\" \/><\/p>\n<hr \/>\n<p><strong>S\u00edntesis Ferro Carril Sud \u2013 Social Velense: \u00a0<\/strong><\/p>\n<p><strong>Ferro Carril Sud (0):<\/strong> Tom\u00e1s Casas; Braian Tello, Gabriel Ferro, Mateo Tamagnini, Franco Hammerschmidt (S. Cotto); Rodrigo Tolnai (H. Blanco), Mat\u00edas Jalil (M. Gargaglione), Diego San Juli\u00e1n (A. Bali\u00f1o); El\u00edas Guti\u00e9rrez, Rodrigo Garro y Enzo Astiz. DT: Miguel Diorio.<\/p>\n<p><strong>Social Velense (1): <\/strong>Mauro Andr\u00e9s; Franco Rebollo, Juli\u00e1n Palmieri, Facundo Di Cataldo, Mariano Garc\u00eda (G. Paz); Emanuel Cardona (N. Auce), Rodrigo Baquero, Brian Lajos (F. Pasar\u00edn); Juan Riganti (L. Porta), Mauro Ruiz S\u00e1nchez y Rodrigo Quintas (M. Rossi). DT: Juan Moreno.<\/p>\n<p><strong>Goles<\/strong>: 7m. ST Mauro Ruiz S\u00e1nchez (SV).<\/p>\n<p><strong>Amonestados<\/strong>: Hammerschmidt, Garro y Bali\u00f1o (Ferro); Lajos, Garc\u00eda y Pasar\u00edn (Velense).<\/p>\n<p><strong>Expulsados<\/strong>: Franco Zalazar \u2013 AC \u2013 (FCS).<\/p>\n<p><strong>\u00c1rbitro<\/strong>: Kevin Gatti (General Madariaga). <strong>Estadio<\/strong>: Domingo F. Colasurdo.<\/p>\n<p>&nbsp;<\/p>\n<p><em><strong>Fotos: Verito Fotograf\u00edas.<\/strong><\/em><\/p>\n","protected":false},"excerpt":{"rendered":"<p>Por la 2\u00b0 fecha del Torneo Regional Amateur, Ferro cay\u00f3 por la m\u00ednima diferencia ante el \u201cVerdirrojo\u201d de la Liga<\/p>\n","protected":false},"author":96739695,"featured_media":44578,"comment_status":"closed","ping_status":"closed","sticky":false,"template":"","format":"standard","meta":{"_jetpack_memberships_contains_paid_content":false,"footnotes":""},"categories":[35,1,54],"tags":[],"class_list":["post-137906","post","type-post","status-publish","format-standard","has-post-thumbnail","hentry","category-futbol","category-portada","category-torneo-regional-amateur"],"jetpack_featured_media_url":"","jetpack_sharing_enabled":true,"_links":{"self":[{"href":"https:\/\/cdnoticias.com\/index.php\/wp-json\/wp\/v2\/posts\/137906","targetHints":{"allow":["GET"]}}],"collection":[{"href":"https:\/\/cdnoticias.com\/index.php\/wp-json\/wp\/v2\/posts"}],"about":[{"href":"https:\/\/cdnoticias.com\/index.php\/wp-json\/wp\/v2\/types\/post"}],"author":[{"embeddable":true,"href":"https:\/\/cdnoticias.com\/index.php\/wp-json\/wp\/v2\/users\/96739695"}],"replies":[{"embeddable":true,"href":"https:\/\/cdnoticias.com\/index.php\/wp-json\/wp\/v2\/comments?post=137906"}],"version-history":[{"count":0,"href":"https:\/\/cdnoticias.com\/index.php\/wp-json\/wp\/v2\/posts\/137906\/revisions"}],"wp:featuredmedia":[{"embeddable":true,"href":"https:\/\/cdnoticias.com\/index.php\/wp-json\/"}],"wp:attachment":[{"href":"https:\/\/cdnoticias.com\/index.php\/wp-json\/wp\/v2\/media?parent=137906"}],"wp:term":[{"taxonomy":"category","embeddable":true,"href":"https:\/\/cdnoticias.com\/index.php\/wp-json\/wp\/v2\/categories?post=137906"},{"taxonomy":"post_tag","embeddable":true,"href":"https:\/\/cdnoticias.com\/index.php\/wp-json\/wp\/v2\/tags?post=137906"}],"curies":[{"name":"wp","href":"https:\/\/api.w.org\/{rel}","templated":true}]}}