{"id":137903,"date":"2023-11-05T12:33:47","date_gmt":"2023-11-05T15:33:47","guid":{"rendered":"https:\/\/centraldeportes.com.ar\/?p=44552"},"modified":"2023-11-05T12:33:47","modified_gmt":"2023-11-05T15:33:47","slug":"tambucci-y-marina-hicieron-su-aporte-en-el-triunfo-de-viedma","status":"publish","type":"post","link":"https:\/\/cdnoticias.com\/index.php\/2023\/11\/05\/tambucci-y-marina-hicieron-su-aporte-en-el-triunfo-de-viedma\/","title":{"rendered":"Tambucci y Marina hicieron su aporte en el triunfo de Viedma"},"content":{"rendered":"<p>Deportivo Viedma se llev\u00f3 el triunfo de Rosario al vencer a Provincial por 94 a 60 en un partido en donde sac\u00f3 la ventaja en el primer per\u00edodo. Mariano Marina fue el goleador con 17 puntos.<!--more--><\/p>\n<hr \/>\n<p>En la continuidad de la Liga Argentina, el equipo sure\u00f1o tuvo su tercera presentaci\u00f3n y fue con un contundente triunfo en condici\u00f3n de visitante.<\/p>\n<p>&nbsp;<\/p>\n<p>Tras varios d\u00edas de inactividad, Deportivo Viedma volvi\u00f3 al ruedo y logr\u00f3 su segunda victoria del a\u00f1o. Mariano Marina fue el goleador del partido con 17 puntos.<\/p>\n<p>&nbsp;<\/p>\n<p>En un duelo que domin\u00f3 de principio a fin, el conjunto de R\u00edo Negro tuvo como destacados a los dos representantes de Olavarr\u00eda.<\/p>\n<p>&nbsp;<\/p>\n<p>Marina, adem\u00e1s de ser el que m\u00e1s puntos anot\u00f3, tom\u00f3 4 rebotes, dio 2 asistencias y recuper\u00f3 3 pelotas en 24:21 y Luciano Tambucci, en 19:36, sum\u00f3 13 puntos, 5 rebotes y 3 recuperos.<\/p>\n","protected":false},"excerpt":{"rendered":"<p>Deportivo Viedma se llev\u00f3 el triunfo de Rosario al vencer a Provincial por 94 a 60 en un partido en<\/p>\n","protected":false},"author":96739695,"featured_media":43838,"comment_status":"closed","ping_status":"closed","sticky":false,"template":"","format":"standard","meta":{"_jetpack_memberships_contains_paid_content":false,"footnotes":""},"categories":[31,32,1],"tags":[],"class_list":["post-137903","post","type-post","status-publish","format-standard","has-post-thumbnail","hentry","category-basquet","category-liga-argentina","category-portada"],"jetpack_featured_media_url":"https:\/\/i0.wp.com\/cdnoticias.com\/wp-content\/uploads\/2022\/01\/EDUARDO-AMAYA-scaled.jpg?fit=2560%2C1920&ssl=1","jetpack_sharing_enabled":true,"_links":{"self":[{"href":"https:\/\/cdnoticias.com\/index.php\/wp-json\/wp\/v2\/posts\/137903","targetHints":{"allow":["GET"]}}],"collection":[{"href":"https:\/\/cdnoticias.com\/index.php\/wp-json\/wp\/v2\/posts"}],"about":[{"href":"https:\/\/cdnoticias.com\/index.php\/wp-json\/wp\/v2\/types\/post"}],"author":[{"embeddable":true,"href":"https:\/\/cdnoticias.com\/index.php\/wp-json\/wp\/v2\/users\/96739695"}],"replies":[{"embeddable":true,"href":"https:\/\/cdnoticias.com\/index.php\/wp-json\/wp\/v2\/comments?post=137903"}],"version-history":[{"count":0,"href":"https:\/\/cdnoticias.com\/index.php\/wp-json\/wp\/v2\/posts\/137903\/revisions"}],"wp:featuredmedia":[{"embeddable":true,"href":"https:\/\/cdnoticias.com\/index.php\/wp-json\/wp\/v2\/media\/43838"}],"wp:attachment":[{"href":"https:\/\/cdnoticias.com\/index.php\/wp-json\/wp\/v2\/media?parent=137903"}],"wp:term":[{"taxonomy":"category","embeddable":true,"href":"https:\/\/cdnoticias.com\/index.php\/wp-json\/wp\/v2\/categories?post=137903"},{"taxonomy":"post_tag","embeddable":true,"href":"https:\/\/cdnoticias.com\/index.php\/wp-json\/wp\/v2\/tags?post=137903"}],"curies":[{"name":"wp","href":"https:\/\/api.w.org\/{rel}","templated":true}]}}