{"id":137901,"date":"2023-11-04T22:23:23","date_gmt":"2023-11-05T01:23:23","guid":{"rendered":"https:\/\/centraldeportes.com.ar\/?p=44538"},"modified":"2023-11-04T22:23:23","modified_gmt":"2023-11-05T01:23:23","slug":"fluminense-derrumbo-la-ilusion-de-boca-y-se-consagro-campeon-de-la-copa-libertadores-2","status":"publish","type":"post","link":"https:\/\/cdnoticias.com\/index.php\/2023\/11\/04\/fluminense-derrumbo-la-ilusion-de-boca-y-se-consagro-campeon-de-la-copa-libertadores-2\/","title":{"rendered":"Fluminense derrumb\u00f3 la ilusi\u00f3n de Boca y se consagr\u00f3 campe\u00f3n de la Copa Libertadores"},"content":{"rendered":"<p>La vibrante definici\u00f3n disputada en el Maracan\u00e1 de R\u00edo de Janeiro qued\u00f3 para el \u201cFlu\u201d, que derrot\u00f3 2 a 1 a Boca en tiempo suplementario y festej\u00f3 su primer t\u00edtulo CONMEBOL. Lucas Janson fue part\u00edcipe y tuvo minutos.<!--more--><\/p>\n<hr \/>\n<p>El sue\u00f1o de la s\u00e9ptima volvi\u00f3 a quedar nuevamente a un paso para <strong>Boca Juniors<\/strong> que este s\u00e1bado, en la final \u00fanica de <strong>Copa Libertadores<\/strong>, cedi\u00f3 ante <strong>Fluminense<\/strong> en el m\u00edtico Estadio Maracan\u00e1 de R\u00edo de Janeiro ante la presencia de miles de hinchas que viajaron para alentar el equipo de Almir\u00f3n.<\/p>\n<p>&nbsp;<\/p>\n<p>Siendo m\u00e1s incisivo en la faceta ofensiva, <strong>el \u201cTricolor\u201d de Brasil se impuso 2 a 1 sobre el \u201cXeneize\u201d en tiempo suplementario<\/strong>\u00a0y se qued\u00f3, por primera vez en su historia, con el preciado t\u00edtulo de CONMEBOL.<\/p>\n<p>&nbsp;<\/p>\n<p>A los 36\u2019, el \u201cFlu\u201d se puso en ventaja por intermedio del argentino, <strong>Germ\u00e1n Cano<\/strong>, pero Boca, que mejor\u00f3 en el segundo tiempo y apost\u00f3 al juego vertical, encontr\u00f3 la igualdad con un excelso zurdazo de <strong>Luis Adv\u00edncula<\/strong> a los 27\u2019 de la etapa complementaria.<\/p>\n<p>&nbsp;<\/p>\n<p>Igualados en el marcador, la final fue directamente a tiempo suplementario para resolver al campe\u00f3n y all\u00ed, con un golazo de <strong>John Kennedy<\/strong> a los 102\u2019, Fluminense marc\u00f3 el 2 a 1 y aguant\u00f3 el resultado para adjudicarse \u201cLa Gloria Eterna\u201d.<\/p>\n<p>&nbsp;<\/p>\n<p><img data-recalc-dims=\"1\" loading=\"lazy\" decoding=\"async\" class=\"aligncenter size-full wp-image-44543\" src=\"https:\/\/i0.wp.com\/centraldeportes.com.ar\/wp-content\/uploads\/2023\/11\/Lucas-Janson-final-de-Libertadores-e1699147377499.jpg?resize=800%2C410&#038;ssl=1\" alt=\"\" width=\"800\" height=\"410\" \/><\/p>\n<p>&nbsp;<\/p>\n<p><strong>Lucas Janson, que comenz\u00f3 el partido en el banco de suplentes, tuvo minutos en su primera final de Copa Libertadores<\/strong>. El delantero olavarriense tuvo su oportunidad previo al inicio del alargue e ingres\u00f3 por el uruguayo Miguel Merentiel.<\/p>\n","protected":false},"excerpt":{"rendered":"<p>La vibrante definici\u00f3n disputada en el Maracan\u00e1 de R\u00edo de Janeiro qued\u00f3 para el \u201cFlu\u201d, que derrot\u00f3 2 a 1<\/p>\n","protected":false},"author":96739695,"featured_media":44540,"comment_status":"closed","ping_status":"closed","sticky":false,"template":"","format":"standard","meta":{"_jetpack_memberships_contains_paid_content":false,"footnotes":""},"categories":[37,1],"tags":[],"class_list":["post-137901","post","type-post","status-publish","format-standard","has-post-thumbnail","hentry","category-futbol-profesional","category-portada"],"jetpack_featured_media_url":"","jetpack_sharing_enabled":true,"_links":{"self":[{"href":"https:\/\/cdnoticias.com\/index.php\/wp-json\/wp\/v2\/posts\/137901","targetHints":{"allow":["GET"]}}],"collection":[{"href":"https:\/\/cdnoticias.com\/index.php\/wp-json\/wp\/v2\/posts"}],"about":[{"href":"https:\/\/cdnoticias.com\/index.php\/wp-json\/wp\/v2\/types\/post"}],"author":[{"embeddable":true,"href":"https:\/\/cdnoticias.com\/index.php\/wp-json\/wp\/v2\/users\/96739695"}],"replies":[{"embeddable":true,"href":"https:\/\/cdnoticias.com\/index.php\/wp-json\/wp\/v2\/comments?post=137901"}],"version-history":[{"count":0,"href":"https:\/\/cdnoticias.com\/index.php\/wp-json\/wp\/v2\/posts\/137901\/revisions"}],"wp:featuredmedia":[{"embeddable":true,"href":"https:\/\/cdnoticias.com\/index.php\/wp-json\/wp\/v2\/posts\/44540"}],"wp:attachment":[{"href":"https:\/\/cdnoticias.com\/index.php\/wp-json\/wp\/v2\/media?parent=137901"}],"wp:term":[{"taxonomy":"category","embeddable":true,"href":"https:\/\/cdnoticias.com\/index.php\/wp-json\/wp\/v2\/categories?post=137901"},{"taxonomy":"post_tag","embeddable":true,"href":"https:\/\/cdnoticias.com\/index.php\/wp-json\/wp\/v2\/tags?post=137901"}],"curies":[{"name":"wp","href":"https:\/\/api.w.org\/{rel}","templated":true}]}}