{"id":137899,"date":"2023-11-04T21:05:56","date_gmt":"2023-11-05T00:05:56","guid":{"rendered":"https:\/\/centraldeportes.com.ar\/?p=44530"},"modified":"2023-11-04T21:05:56","modified_gmt":"2023-11-05T00:05:56","slug":"las-divisiones-inferiores-ya-tienen-a-todos-los-campeones-anuales","status":"publish","type":"post","link":"https:\/\/cdnoticias.com\/index.php\/2023\/11\/04\/las-divisiones-inferiores-ya-tienen-a-todos-los-campeones-anuales\/","title":{"rendered":"Las Divisiones Inferiores ya tienen a todos los campeones anuales"},"content":{"rendered":"\n<div class=\"wp-block-group is-layout-constrained wp-block-group-is-layout-constrained\">\n<p>Este s\u00e1bado, en la cancha del Club Embajadores, ganadores del Apertura y Clausura se enfrentaron por el t\u00edtulo del a\u00f1o en cuatro categor\u00edas y se conocieron a los clubes coronados.<!--more--><\/p>\n<hr \/>\n<p>Con t<strong>oda la agenda concentrada en el sint\u00e9tico del \u201cTete\u201d Di Carlo<\/strong>, este s\u00e1bado las categor\u00edas del f\u00fatbol menor de Olavarr\u00eda disputaron, entre los vencedores del Apertura y Clausura, las finales anuales en cuatro divisiones.<\/p>\n<p>\u00a0<\/p>\n<p>Vale recordar que <strong>en D\u00e9cima y Sexta no hubo acci\u00f3n debido a que el CEO se qued\u00f3 con los dos t\u00edtulos dom\u00e9sticos<\/strong> organizados por la Liga de F\u00fatbol.<\/p>\n<p>\u00a0<\/p>\n<p>No obstante, las definiciones por penales predominaron en dos de los cruces, que terminaron consagrando a <strong>Embajadores en Octava y Ferro Carril Sud en Quinta Divisi\u00f3n<\/strong>.<\/p>\n<p>\u00a0<\/p>\n<p><strong>El elenco de la avenida Avellaneda tambi\u00e9n festej\u00f3 en S\u00e9ptima<\/strong> y adem\u00e1s, con tinte de cl\u00e1sico,<strong> El Fort\u00edn se qued\u00f3 con el t\u00edtulo en Novena<\/strong>.<\/p>\n<p>\u00a0<\/p>\n<div class=\"tiled-gallery type-rectangular tiled-gallery-unresized\" data-original-width=\"800\" data-carousel-extra='null' itemscope itemtype=\"http:\/\/schema.org\/ImageGallery\" > <div class=\"gallery-row\" style=\"width: 800px; height: 502px;\" data-original-width=\"800\" data-original-height=\"502\" > <div class=\"gallery-group images-1\" style=\"width: 800px; height: 502px;\" data-original-width=\"800\" data-original-height=\"502\" > <div class=\"tiled-gallery-item tiled-gallery-item-large\" itemprop=\"associatedMedia\" itemscope itemtype=\"http:\/\/schema.org\/ImageObject\"> <a href=\"https:\/\/i0.wp.com\/cdnoticias.com\/wp-content\/uploads\/2022\/01\/conferenciaterrenos.jpeg?ssl=1\" border=\"0\" itemprop=\"url\"> <meta itemprop=\"width\" content=\"796\"> <meta itemprop=\"height\" content=\"498\"> <img decoding=\"async\" class=\"\" data-attachment-id=\"44556\" data-orig-file=\"https:\/\/cdnoticias.com\/wp-content\/uploads\/2022\/01\/conferenciaterrenos.jpeg\" data-orig-size=\"1280,800\" data-comments-opened=\"\" data-image-meta=\"{&quot;aperture&quot;:&quot;0&quot;,&quot;credit&quot;:&quot;&quot;,&quot;camera&quot;:&quot;&quot;,&quot;caption&quot;:&quot;&quot;,&quot;created_timestamp&quot;:&quot;0&quot;,&quot;copyright&quot;:&quot;&quot;,&quot;focal_length&quot;:&quot;0&quot;,&quot;iso&quot;:&quot;0&quot;,&quot;shutter_speed&quot;:&quot;0&quot;,&quot;title&quot;:&quot;&quot;,&quot;orientation&quot;:&quot;0&quot;}\" data-image-title=\"conferenciaterrenos\" data-image-description=\"\" data-medium-file=\"https:\/\/i0.wp.com\/cdnoticias.com\/wp-content\/uploads\/2022\/01\/conferenciaterrenos.jpeg?fit=300%2C188&#038;ssl=1\" data-large-file=\"https:\/\/i0.wp.com\/cdnoticias.com\/wp-content\/uploads\/2022\/01\/conferenciaterrenos.jpeg?fit=800%2C500&#038;ssl=1\" src=\"https:\/\/i0.wp.com\/cdnoticias.com\/wp-content\/uploads\/2022\/01\/conferenciaterrenos.jpeg?w=796&#038;h=498&#038;ssl=1\" srcset=\"https:\/\/i0.wp.com\/cdnoticias.com\/wp-content\/uploads\/2022\/01\/conferenciaterrenos.jpeg?w=1280&amp;ssl=1 1280w, https:\/\/i0.wp.com\/cdnoticias.com\/wp-content\/uploads\/2022\/01\/conferenciaterrenos.jpeg?resize=300%2C188&amp;ssl=1 300w, https:\/\/i0.wp.com\/cdnoticias.com\/wp-content\/uploads\/2022\/01\/conferenciaterrenos.jpeg?resize=1024%2C640&amp;ssl=1 1024w, https:\/\/i0.wp.com\/cdnoticias.com\/wp-content\/uploads\/2022\/01\/conferenciaterrenos.jpeg?resize=768%2C480&amp;ssl=1 768w\" width=\"796\" height=\"498\" loading=\"lazy\" data-original-width=\"796\" data-original-height=\"498\" itemprop=\"http:\/\/schema.org\/image\" title=\"conferenciaterrenos\" alt=\"conferenciaterrenos\" style=\"width: 796px; height: 498px;\" \/> <\/a> <\/div> <\/div> <!-- close group --> <\/div> <!-- close row --> <\/div>\n<p>\u00a0<\/p>\n<ul>\n<li>\n<h6><strong>Resultados:<\/strong><\/h6>\n<\/li>\n<\/ul>\n<p>\u00a0<\/p>\n<p><strong>En Novena:<\/strong><\/p>\n<p>El Fort\u00edn <strong>3 \u2013 0<\/strong> Ferro<\/p>\n<p>\u00a0<\/p>\n<p><strong>En Octava:<\/strong><\/p>\n<p>Embajadores <strong>1 (7) \u2013 (6) 1<\/strong> Estudiantes<\/p>\n<p>\u00a0<\/p>\n<p><strong>En S\u00e9ptima:<\/strong><\/p>\n<p>Estudiantes <strong>0 \u2013 2<\/strong> Embajadores<\/p>\n<p>\u00a0<\/p>\n<p><strong>En Quinta:<\/strong><\/p>\n<p>Ferro <strong>1 (5) \u2013 (4) 1<\/strong> Embajadores<\/p>\n<p>\u00a0<\/p>\n<p><em><strong>Fotos: Verito Fotograf\u00edas.<\/strong><\/em><\/p>\n<\/div>\n","protected":false},"excerpt":{"rendered":"<p>Este s\u00e1bado, en la cancha del Club Embajadores, ganadores del Apertura y Clausura se enfrentaron por el t\u00edtulo del a\u00f1o<\/p>\n","protected":false},"author":96739695,"featured_media":44531,"comment_status":"closed","ping_status":"closed","sticky":false,"template":"","format":"standard","meta":{"_jetpack_memberships_contains_paid_content":false,"footnotes":""},"categories":[35,40,1],"tags":[],"class_list":["post-137899","post","type-post","status-publish","format-standard","has-post-thumbnail","hentry","category-futbol","category-inferiores","category-portada"],"jetpack_featured_media_url":"","jetpack_sharing_enabled":true,"_links":{"self":[{"href":"https:\/\/cdnoticias.com\/index.php\/wp-json\/wp\/v2\/posts\/137899","targetHints":{"allow":["GET"]}}],"collection":[{"href":"https:\/\/cdnoticias.com\/index.php\/wp-json\/wp\/v2\/posts"}],"about":[{"href":"https:\/\/cdnoticias.com\/index.php\/wp-json\/wp\/v2\/types\/post"}],"author":[{"embeddable":true,"href":"https:\/\/cdnoticias.com\/index.php\/wp-json\/wp\/v2\/users\/96739695"}],"replies":[{"embeddable":true,"href":"https:\/\/cdnoticias.com\/index.php\/wp-json\/wp\/v2\/comments?post=137899"}],"version-history":[{"count":0,"href":"https:\/\/cdnoticias.com\/index.php\/wp-json\/wp\/v2\/posts\/137899\/revisions"}],"wp:featuredmedia":[{"embeddable":true,"href":"https:\/\/cdnoticias.com\/index.php\/wp-json\/"}],"wp:attachment":[{"href":"https:\/\/cdnoticias.com\/index.php\/wp-json\/wp\/v2\/media?parent=137899"}],"wp:term":[{"taxonomy":"category","embeddable":true,"href":"https:\/\/cdnoticias.com\/index.php\/wp-json\/wp\/v2\/categories?post=137899"},{"taxonomy":"post_tag","embeddable":true,"href":"https:\/\/cdnoticias.com\/index.php\/wp-json\/wp\/v2\/tags?post=137899"}],"curies":[{"name":"wp","href":"https:\/\/api.w.org\/{rel}","templated":true}]}}