{"id":137897,"date":"2023-11-04T16:44:51","date_gmt":"2023-11-04T19:44:51","guid":{"rendered":"https:\/\/centraldeportes.com.ar\/?p=44520"},"modified":"2023-11-04T16:44:51","modified_gmt":"2023-11-04T19:44:51","slug":"arranco-el-3-memorial-carlos-orifici-y-hubo-un-homenaje-en-la-inauguracion","status":"publish","type":"post","link":"https:\/\/cdnoticias.com\/index.php\/2023\/11\/04\/arranco-el-3-memorial-carlos-orifici-y-hubo-un-homenaje-en-la-inauguracion\/","title":{"rendered":"Arranc\u00f3 el 3\u00b0 \u201cMemorial Carlos Orifici\u201d y hubo un homenaje en la inauguraci\u00f3n"},"content":{"rendered":"<p>El viernes por la tarde, dio comienzo a la 3\u00b0 edici\u00f3n del \u201cMemorial Carlos Orifici\u201d, en las canchas de tenis de Racing y en la previa, se llev\u00f3 a cabo la plantaci\u00f3n de un \u00e1rbol de la vida en el sector en homenaje al ex presidente del club.<!--more--><\/p>\n<hr \/>\n<p>El evento organizado por la subcomisi\u00f3n de tenis tuvo como acto inaugural el emotivo homenaje en el que plantaron un \u00e1rbol de la vida y la instalaci\u00f3n de un banco que fueron bendecidos. Adem\u00e1s hubo presencia de familiares del dirigente fallecido.<\/p>\n<p>&nbsp;<\/p>\n<p>Hilario Rivera, presidente de la subcomisi\u00f3n, estuvo acompa\u00f1ado por Hugo Fayan\u00e1s y Roberto Ciuffetelli y destacaron la importancia del torneo con diez categor\u00edas diferentes y dijo \u201c<strong><em>que es un honor estar iniciando una nueva edici\u00f3n del homenaje con 65 parejas inscriptas<\/em><\/strong>\u201d.<\/p>\n<p>&nbsp;<\/p>\n\n<p>&nbsp;<\/p>\n<p>El \u201cMemorial Carlos Orifici\u201d ya tuvo sus primeros partidos en los courts del Parque Olavarr\u00eda y el fin de semana pr\u00f3ximo se conocer\u00e1n los ganadores.<\/p>\n","protected":false},"excerpt":{"rendered":"<p>El viernes por la tarde, dio comienzo a la 3\u00b0 edici\u00f3n del \u201cMemorial Carlos Orifici\u201d, en las canchas de tenis<\/p>\n","protected":false},"author":96739695,"featured_media":44523,"comment_status":"closed","ping_status":"closed","sticky":false,"template":"","format":"standard","meta":{"_jetpack_memberships_contains_paid_content":false,"footnotes":""},"categories":[30,1],"tags":[],"class_list":["post-137897","post","type-post","status-publish","format-standard","has-post-thumbnail","hentry","category-polideportivo","category-portada"],"jetpack_featured_media_url":"https:\/\/i0.wp.com\/cdnoticias.com\/wp-content\/uploads\/2022\/01\/UnidadSanitariaLN.jpeg?fit=1280%2C852&ssl=1","jetpack_sharing_enabled":true,"_links":{"self":[{"href":"https:\/\/cdnoticias.com\/index.php\/wp-json\/wp\/v2\/posts\/137897","targetHints":{"allow":["GET"]}}],"collection":[{"href":"https:\/\/cdnoticias.com\/index.php\/wp-json\/wp\/v2\/posts"}],"about":[{"href":"https:\/\/cdnoticias.com\/index.php\/wp-json\/wp\/v2\/types\/post"}],"author":[{"embeddable":true,"href":"https:\/\/cdnoticias.com\/index.php\/wp-json\/wp\/v2\/users\/96739695"}],"replies":[{"embeddable":true,"href":"https:\/\/cdnoticias.com\/index.php\/wp-json\/wp\/v2\/comments?post=137897"}],"version-history":[{"count":0,"href":"https:\/\/cdnoticias.com\/index.php\/wp-json\/wp\/v2\/posts\/137897\/revisions"}],"wp:featuredmedia":[{"embeddable":true,"href":"https:\/\/cdnoticias.com\/index.php\/wp-json\/wp\/v2\/media\/44523"}],"wp:attachment":[{"href":"https:\/\/cdnoticias.com\/index.php\/wp-json\/wp\/v2\/media?parent=137897"}],"wp:term":[{"taxonomy":"category","embeddable":true,"href":"https:\/\/cdnoticias.com\/index.php\/wp-json\/wp\/v2\/categories?post=137897"},{"taxonomy":"post_tag","embeddable":true,"href":"https:\/\/cdnoticias.com\/index.php\/wp-json\/wp\/v2\/tags?post=137897"}],"curies":[{"name":"wp","href":"https:\/\/api.w.org\/{rel}","templated":true}]}}