{"id":137896,"date":"2023-11-04T16:20:05","date_gmt":"2023-11-04T19:20:05","guid":{"rendered":"https:\/\/centraldeportes.com.ar\/?p=44516"},"modified":"2023-11-04T16:20:05","modified_gmt":"2023-11-04T19:20:05","slug":"muchos-partidos-le-dieron-continuidad-al-individual-de-bochas-caballeros","status":"publish","type":"post","link":"https:\/\/cdnoticias.com\/index.php\/2023\/11\/04\/muchos-partidos-le-dieron-continuidad-al-individual-de-bochas-caballeros\/","title":{"rendered":"Muchos partidos le dieron continuidad al Individual de Bochas Caballeros"},"content":{"rendered":"<p>El certamen organizado por la Asociaci\u00f3n de Bochas de Olavarr\u00eda disput\u00f3 varias fechas del calendario y qued\u00f3 a una jornada de completar la primera rueda.<!--more--><\/p>\n<hr \/>\n<p>Con acci\u00f3n en varias canchas de la ciudad, prosigui\u00f3 el <strong>Torneo Oficial Individual de Bochas Caballeros<\/strong> y los diez clubes afiliados disputaron gran cantidad de partidos.<\/p>\n<p>&nbsp;<\/p>\n<p>A lo largo de la \u00faltima semana, el certamen dom\u00e9stico disput\u00f3 tres fechas seguidas (<strong>6\u00b0, 7\u00b0 y 8\u00b0<\/strong>), tanto en la Zona A como en la B y qued\u00f3 a las puertas de cerrar la primera rueda de la competencia.<\/p>\n<p>&nbsp;<\/p>\n<ul>\n<li>\n<h6><strong>Los resultados:\u00a0<\/strong><\/h6>\n<\/li>\n<\/ul>\n<p>&nbsp;<\/p>\n<h6>Fecha 3:<\/h6>\n<p>&nbsp;<\/p>\n<p><strong>Zona A<\/strong><\/p>\n<p>Carlos G\u00f3mez (Hinojo) <strong>2 \u2013 12<\/strong> Juan Pablo Notararigo (Pueblo Nuevo)<\/p>\n<p>Carlos Galv\u00e1n (Blanca Chica) <strong>5 \u2013 12<\/strong> Rub\u00e9n Giannoni (El Fort\u00edn)<\/p>\n<p>Jos\u00e9 Marinangelli (La Amistad) <strong>4 \u2013 12<\/strong> Ignacio Mapis (Fort\u00edn Tradicionalista)<\/p>\n<p>Daniel Serantes (San Mart\u00edn) <strong>12 \u2013 6<\/strong> Nahuel Landaverr\u00eda (\u00c1lvaro Barros)<\/p>\n<p>Hugo Gocella (Loma Negra) <strong>12 \u2013 5<\/strong> Martin Ottogalli (Sierra Chica)<\/p>\n<p>&nbsp;<\/p>\n<p><strong>Zona B<\/strong><\/p>\n<p>Emanuel Ruppel (Hinojo) <strong>4 \u2013 12<\/strong> Ever Hammerschmidt (Pueblo Nuevo)<\/p>\n<p>Alberto Bonino (Blanca Chica) <strong>5 \u2013 12<\/strong> David Miceli (El Fort\u00edn)<\/p>\n<p>Martin Orradre (La Amistad) <strong>12 \u2013 8<\/strong> Jerem\u00edas Serantes (Fort\u00edn Tradicionalista)<\/p>\n<p>Gast\u00f3n Tisera (San Mart\u00edn) <strong>7 \u2013 12<\/strong> Alejandro Lamas (\u00c1lvaro Barros)<\/p>\n<p>Ra\u00fal Landoni (Loma Negra) <strong>12 \u2013 5<\/strong> Gabriel Mariano (Sierra Chica)<\/p>\n<p>&nbsp;<\/p>\n<h6>Fecha 4:<\/h6>\n<p>&nbsp;<\/p>\n<p><strong>Zona A<\/strong><\/p>\n<p>Juan Pablo Notararigo (Pueblo Nuevo)<strong> 12 \u2013 8<\/strong> Carlos Galvan (Blanca Chica)<\/p>\n<p>Rub\u00e9n Giannoni (El Fort\u00edn) <strong>12 \u2013 5<\/strong> Hugo Gocella (Loma Negra)<\/p>\n<p>Nahuel Landaverr\u00eda (\u00c1lvaro Barros) <strong>12 \u2013 2<\/strong> Carlos G\u00f3mez (Hinojo)<\/p>\n<p>Martin Ottogalli (Sierra Chica) <strong>12 \u2013 11<\/strong> Jos\u00e9 Marinangelli (La Amistad)<\/p>\n<p>Daniel Serantes (San Mart\u00edn) <strong>12 \u2013 4<\/strong> Ignacio Mapis (Fort\u00edn Tradicionalista)<\/p>\n<p>&nbsp;<\/p>\n<p><strong>Zona B<\/strong><\/p>\n<p>Ever Hammerschmidt (Pueblo Nuevo) <strong>12 \u2013 0<\/strong> Alberto Bonino (Blanca Chica)<\/p>\n<p>David Miceli (El Fort\u00edn) <strong>12 \u2013 7<\/strong> Ra\u00fal Landoni (Loma Negra)<\/p>\n<p>Alejandro Lamas (\u00c1lvaro Barros) <strong>12 \u2013 10<\/strong> Emanuel Ruppel (Hinojo)<\/p>\n<p>Juan Leiciaga (Sierra Chica) <strong>3 \u2013 12<\/strong> Mart\u00edn Orradre (La Amistad)<\/p>\n<p>Jerem\u00edas Serantes (Fort\u00edn Tradicionalista) <strong>12 \u2013 3<\/strong> Gast\u00f3n Tisera (San Mart\u00edn)<\/p>\n<p>&nbsp;<\/p>\n<h6>Fecha 5:<\/h6>\n<p>&nbsp;<\/p>\n<p><strong>Zona A<\/strong><\/p>\n<p>Hugo Gocella (Loma Negra) <strong>9 \u2013 12<\/strong> Juan Pablo Notararigo (Pueblo Nuevo)<\/p>\n<p>Carlos Galv\u00e1n (Blanca Chica) <strong>5 \u2013 12<\/strong> Nahuel Landaverr\u00eda (\u00c1lvaro Barros)<\/p>\n<p>Jos\u00e9 Marinangelli (La Amistad) <strong>12 \u2013 8<\/strong> Rub\u00e9n Giannoni (El Fort\u00edn)<\/p>\n<p>Carlos G\u00f3mez (Hinojo) <strong>5 \u2013 12<\/strong> Daniel Serantes (San Mart\u00edn)<\/p>\n<p>Mart\u00edn Ottogalli (Sierra Chica)<strong> 12 \u2013 8<\/strong> Ignacio Mapis (Fort\u00edn Tradicionalista)<\/p>\n<p>&nbsp;<\/p>\n<p><strong>Zona B<\/strong><\/p>\n<p>Ra\u00fal Landoni (Loma Negra) <strong>1 \u2013 12<\/strong> Ever Hammerschmidt (Pueblo Nuevo)<\/p>\n<p>Alberto Bonino (Blanca Chica) <strong>8 \u2013 12<\/strong> Alejandro Lamas (\u00c1lvaro Barros)<\/p>\n<p>Mart\u00edn Orradre (La Amistad)<strong> 12 \u2013 5<\/strong> David Miceli (El Fort\u00edn)<\/p>\n<p>Emanuel Ruppel (Hinojo) <strong>6 \u2013 12<\/strong> Gast\u00f3n Tisera (San Mart\u00edn)<\/p>\n<p>Gabriel Mariano (Sierra Chica) <strong>12 \u2013 10<\/strong> Jerem\u00edas Serantes (Fort\u00edn Tradicionalista)<\/p>\n<p>&nbsp;<\/p>\n<h6>Fecha 6:<\/h6>\n<p>&nbsp;<\/p>\n<p><strong>Zona A<\/strong><\/p>\n<p>Rub\u00e9n Giannoni (El Fort\u00edn) <strong>11 \u2013 12<\/strong> Mart\u00edn Ottogalli (Sierra Chica)<\/p>\n<p>Juan Pablo Notararigo (Pueblo Nuevo) <strong>12 \u2013 6<\/strong> Jos\u00e9 Marinangelli (La Amistad)<\/p>\n<p>Lorenzo Fern\u00e1ndez (Fort\u00edn Tradicionalista) <strong>9 \u2013 12<\/strong> Carlos G\u00f3mez (Hinojo)<\/p>\n<p>Nahuel Landaverr\u00eda (\u00c1lvaro Barros) <strong>12 \u2013 9<\/strong> Hugo Gocella (Loma Negra)<\/p>\n<p>Daniel Serantes (San Mart\u00edn) <strong>12 \u2013 6<\/strong> Carlos Galv\u00e1n (Blanca Chica)<\/p>\n<p>&nbsp;<\/p>\n<p><strong>Zona B<\/strong><\/p>\n<p>Ever Hammerschmidt (Pueblo Nuevo) <strong>5 \u2013 12<\/strong> Martin Orradre (La Amistad)<\/p>\n<p>Jerem\u00edas Serantes (Fort\u00edn Tradicionalista)<strong> 4 \u2013 12<\/strong> Emanuel Ruppel (Hinojo)<\/p>\n<p>David Miceli (El Fort\u00edn) <strong>12 \u2013 1<\/strong> Gabriel Mariano (Sierra Chica)<\/p>\n<p>Alejandro Lamas (\u00c1lvaro Barros) <strong>11 \u2013 12<\/strong> Ra\u00fal Landoni (Loma Negra)<\/p>\n<p>Gast\u00f3n Tisera (San Mart\u00edn) <strong>12 \u2013 5<\/strong> Alberto Bonino (Blanca Chica)<\/p>\n<p>&nbsp;<\/p>\n<h6>Fecha 7:<\/h6>\n<p>&nbsp;<\/p>\n<p><strong>Zona A<\/strong><\/p>\n<p>Mart\u00edn Ottogalli (Sierra Chica)<strong> 12 \u2013 1<\/strong> Juan Pablo Notararigo (Pueblo Nuevo)<\/p>\n<p>Carlos Galv\u00e1n (Blanca Chica)<strong> 12 \u2013 3<\/strong> Carlos G\u00f3mez (Hinojo)<\/p>\n<p>Rub\u00e9n Giannoni (El Fort\u00edn) <strong>12 \u2013 7<\/strong> Lorenzo Fern\u00e1ndez (Fort\u00edn Tradicionalista)<\/p>\n<p>Jos\u00e9 Marinangelli (La Amistad) <strong>12 \u2013 10<\/strong> Nahuel Landaverr\u00eda (\u00c1lvaro Barros)<\/p>\n<p>Hugo Gocella (Loma Negra) <strong>12 \u2013 3<\/strong> Daniel Serantes (San Mart\u00edn)<\/p>\n<p>&nbsp;<\/p>\n<p><strong>Zona B<\/strong><\/p>\n<p>Gabriel Mariano (Sierra Chica) <strong>2 \u2013 12<\/strong> Ever Hammerschmidt (Pueblo Nuevo)<\/p>\n<p>Martin Orradre (La Amistad) <strong>12 \u2013 4<\/strong> Alejandro Lamas (\u00c1lvaro Barros)<\/p>\n<p>Alberto Bonino (Blanca Chica) <strong>12 \u2013 3<\/strong> Emanuel Ruppel (Hinojo)<\/p>\n<p>David Miceli (El Fort\u00edn)<strong> 12 \u2013 6<\/strong> Jerem\u00edas Serantes (Fort\u00edn Tradicionalista)<\/p>\n<p>Ra\u00fal Landoni (Loma Negra) <strong>12 \u2013 10<\/strong> Gast\u00f3n Tisera (San Mart\u00edn)<\/p>\n<p>&nbsp;<\/p>\n<h6>Fecha 8:<\/h6>\n<p>&nbsp;<\/p>\n<p><strong>Zona A<\/strong><\/p>\n<p>Nahuel Landaverr\u00eda (\u00c1lvaro Barros) <strong>12 \u2013<\/strong> <strong>2<\/strong> Martin Ottogalli (Sierra Chica)<\/p>\n<p>Juan Pablo Notararigo (Pueblo Nuevo) <strong>12 \u2013 0<\/strong> Rub\u00e9n Giannoni (El Fort\u00edn)<\/p>\n<p>Daniel Serantes (San Mart\u00edn)<strong> 12 \u2013 10<\/strong> Jos\u00e9 Marinangelli (La Amistad)<\/p>\n<p>Carlos G\u00f3mez (Hinojo) <strong>12 \u2013 10<\/strong> Hugo Gocella (Loma Negra)<\/p>\n<p>Ignacio Mapis (Fort\u00edn Tradicionalista) <strong>12 \u2013 11<\/strong> Carlos Galv\u00e1n (Blanca Chica)<\/p>\n<p>&nbsp;<\/p>\n<p><strong>Zona B<\/strong><\/p>\n<p>Alejandro Lamas (\u00c1lvaro Barros) <strong>12 \u2013 6<\/strong> Gabriel Mariano (Sierra Chica)<\/p>\n<p>Ever Hammerschmidt (Pueblo Nuevo) <strong>12 \u2013 1<\/strong> David Miceli (El Fort\u00edn)<\/p>\n<p>Gast\u00f3n Tisera (San Mart\u00edn) <strong>12 \u2013 3<\/strong> Gabriel Pistasoli (La Amistad)<\/p>\n<p>Jerem\u00edas Serantes (Fort\u00edn Tradicionalista) <strong>12 \u2013 7<\/strong> Alberto Bonino (Blanca Chica)<\/p>\n<p>Emanuel Ruppel (Hinojo) <strong>9 \u2013 12<\/strong> Ra\u00fal Landoni (Loma Negra)<\/p>\n<p>&nbsp;<\/p>\n<p><strong><em>Fuente: Diego Clar (Prensa Bochas).<\/em><\/strong><\/p>\n","protected":false},"excerpt":{"rendered":"<p>El certamen organizado por la Asociaci\u00f3n de Bochas de Olavarr\u00eda disput\u00f3 varias fechas del calendario y qued\u00f3 a una jornada<\/p>\n","protected":false},"author":96739695,"featured_media":44517,"comment_status":"closed","ping_status":"closed","sticky":false,"template":"","format":"standard","meta":{"_jetpack_memberships_contains_paid_content":false,"footnotes":""},"categories":[30,1],"tags":[],"class_list":["post-137896","post","type-post","status-publish","format-standard","has-post-thumbnail","hentry","category-polideportivo","category-portada"],"jetpack_featured_media_url":"","jetpack_sharing_enabled":true,"_links":{"self":[{"href":"https:\/\/cdnoticias.com\/index.php\/wp-json\/wp\/v2\/posts\/137896","targetHints":{"allow":["GET"]}}],"collection":[{"href":"https:\/\/cdnoticias.com\/index.php\/wp-json\/wp\/v2\/posts"}],"about":[{"href":"https:\/\/cdnoticias.com\/index.php\/wp-json\/wp\/v2\/types\/post"}],"author":[{"embeddable":true,"href":"https:\/\/cdnoticias.com\/index.php\/wp-json\/wp\/v2\/users\/96739695"}],"replies":[{"embeddable":true,"href":"https:\/\/cdnoticias.com\/index.php\/wp-json\/wp\/v2\/comments?post=137896"}],"version-history":[{"count":0,"href":"https:\/\/cdnoticias.com\/index.php\/wp-json\/wp\/v2\/posts\/137896\/revisions"}],"wp:featuredmedia":[{"embeddable":true,"href":"https:\/\/cdnoticias.com\/index.php\/wp-json\/wp\/v2\/posts\/44517"}],"wp:attachment":[{"href":"https:\/\/cdnoticias.com\/index.php\/wp-json\/wp\/v2\/media?parent=137896"}],"wp:term":[{"taxonomy":"category","embeddable":true,"href":"https:\/\/cdnoticias.com\/index.php\/wp-json\/wp\/v2\/categories?post=137896"},{"taxonomy":"post_tag","embeddable":true,"href":"https:\/\/cdnoticias.com\/index.php\/wp-json\/wp\/v2\/tags?post=137896"}],"curies":[{"name":"wp","href":"https:\/\/api.w.org\/{rel}","templated":true}]}}