{"id":137884,"date":"2023-11-02T20:02:30","date_gmt":"2023-11-02T23:02:30","guid":{"rendered":"https:\/\/centraldeportes.com.ar\/?p=44463"},"modified":"2025-02-12T23:07:01","modified_gmt":"2025-02-13T02:07:01","slug":"el-automovilismo-nacional-de-luto-por-el-fallecimiento-de-agustin-herrera","status":"publish","type":"post","link":"https:\/\/cdnoticias.com\/index.php\/2023\/11\/02\/el-automovilismo-nacional-de-luto-por-el-fallecimiento-de-agustin-herrera\/","title":{"rendered":"El automovilismo nacional de luto por el fallecimiento de Agust\u00edn Herrera"},"content":{"rendered":"\n<div class=\"wp-block-group is-layout-constrained wp-block-group-is-layout-constrained\">\n<p>La triste noticia se dio a conocer en el mediod\u00eda de este jueves. El olavarriense protagoniz\u00f3 un violento accidente en la Ruta Nacional 205, a 20 kil\u00f3metros de Saladillo, donde perdi\u00f3 la vida. Distintas categor\u00edas del deporte motor, pilotos, periodistas del \u00e1rea y autoridades p\u00fablicas lo despidieron a trav\u00e9s de las redes.<!--more--><\/p>\n<hr \/>\n<p>Este jueves, producto de un fuerte accidente en la Ruta Nacional 205, kil\u00f3metro 161 a la altura de Saladillo,<a href=\"https:\/\/cdnoticias.com\/index.php\/2023\/11\/02\/en-un-accidente-en-ruta-205-murio-el-piloto-agustin-herrera\/\"> falleci\u00f3 el piloto olavarriense Agust\u00edn Herrera<\/a> y toda Olavarr\u00eda qued\u00f3 conmocionada con su p\u00e9rdida.<\/p>\n<p>\u00a0<\/p>\n<p>Surgido de APPK y de las categor\u00edas zonales, <strong>supo competir en tres de las categor\u00edas de ACTC<\/strong> (TC Pista Mouras, TC Mouras y TC Pista), <strong>Turismo Pista<\/strong> (Clase 2 y 3) y <strong>Turismo Nacional<\/strong> (Clase 2 y Clase 3 en la actualidad). Era sobrino del \u201cChueco\u201d Jos\u00e9 Mar\u00eda Romero.<\/p>\n<p>\u00a0<\/p>\n<p>La tr\u00e1gica noticia hizo eco enseguida a nivel nacional y distintas categor\u00edas del deporte motor, pilotos, periodistas del \u00e1rea, instituciones y autoridades p\u00fablicas lo despidieron con sentidos mensajes a trav\u00e9s de las redes sociales.<\/p>\n<p>\u00a0<\/p>\n<p>El <strong>Autom\u00f3vil Moto Club Olavarr\u00eda (AMCO)<\/strong> tambi\u00e9n emiti\u00f3 un comunicado en referencia al \u201cChapul\u00edn\u201d y anunci\u00f3 la suspensi\u00f3n de todas las actividades programadas para el fin de semana: \u201c<strong><em>Quienes integramos el Autom\u00f3vil Moto Club Olavarr\u00eda, ante el dolor que nos causa la triste noticia, acompa\u00f1amos a familiares y amigos de Agust\u00edn<\/em><\/strong>\u201d.<\/p>\n<p>\u00a0<\/p>\n<blockquote>\n<p><strong>\u201cTe vamos a extra\u00f1ar \u201cChapul\u00edn&#8221;, esperando una de tus maniobras en pista, c\u00f3mo de vernos en cada carrera conversando sobre tus proyectos\u201d<\/strong>, rez\u00f3.<\/p>\n<\/blockquote>\n<p>\u00a0<\/p>\n<p>El Turismo Pista lo record\u00f3 \u201c<strong><em>con esa sonrisa y excelente calidad humana. Fuiste un gran piloto<\/em><\/strong>\u201d. Adem\u00e1s, la Asociaci\u00f3n Pilotos Autom\u00f3viles Turismo (APAT) manifest\u00f3 su hondo pesar e indic\u00f3 \u201c<strong><em>Quienes integramos la familia del Turismo Nacional, acompa\u00f1amos en este triste momento a sus familiares, amigos y allegados, rogando por su eterno descanso en paz<\/em><\/strong>\u201d.<\/p>\n<p>\u00a0<\/p>\n<p><blockquote class=\"twitter-tweet\" data-width=\"550\" data-dnt=\"true\"><p lang=\"es\" dir=\"ltr\">Querido Agust\u00edn la familia del Turismo Pista te va a recordar con esa sonrisa y tu excelente calidad humana. Fuiste un gran piloto. Te vamos a extra\u00f1ar. QEPD Chapul\u00edn!!! <a href=\"https:\/\/t.co\/Mjedx6KW3v\">pic.twitter.com\/Mjedx6KW3v<\/a><\/p>&mdash; Turismo Pista (@TurismoPista) <a href=\"https:\/\/twitter.com\/TurismoPista\/status\/1720178506850603308?ref_src=twsrc%5Etfw\">November 2, 2023<\/a><\/blockquote><script async src=\"https:\/\/platform.twitter.com\/widgets.js\" charset=\"utf-8\"><\/script><\/p>\n<p><blockquote class=\"twitter-tweet\" data-width=\"550\" data-dnt=\"true\"><p lang=\"es\" dir=\"ltr\">\u00a1Hasta siempre Pela! <a href=\"https:\/\/t.co\/ztg1Urj4Da\">pic.twitter.com\/ztg1Urj4Da<\/a><\/p>&mdash; Turismo Carretera ACTC (@actcargentina) <a href=\"https:\/\/twitter.com\/actcargentina\/status\/1720181901632115144?ref_src=twsrc%5Etfw\">November 2, 2023<\/a><\/blockquote><script async src=\"https:\/\/platform.twitter.com\/widgets.js\" charset=\"utf-8\"><\/script><\/p>\n<p>\u00a0<\/p>\n<p>El intendente <strong>Ezequiel Galli<\/strong>, a trav\u00e9s de su cuenta de X, comparti\u00f3 una imagen junto al \u201cPela\u201d y lo record\u00f3 con un mensaje de despedida.<\/p>\n<p>\u00a0<\/p>\n<p><blockquote class=\"twitter-tweet\" data-width=\"550\" data-dnt=\"true\"><p lang=\"es\" dir=\"ltr\">Me quedo con este recuerdo misil querido \u2764\ufe0f yo piloto y vos camar\u00f3grafo. Que en paz descanses amigo ? <a href=\"https:\/\/twitter.com\/pelaherrera?ref_src=twsrc%5Etfw\">@pelaherrera<\/a> <a href=\"https:\/\/t.co\/jdb64J6Rji\">pic.twitter.com\/jdb64J6Rji<\/a><\/p>&mdash; Ezequiel Galli (@ezequielgalli) <a href=\"https:\/\/twitter.com\/ezequielgalli\/status\/1720161227383468300?ref_src=twsrc%5Etfw\">November 2, 2023<\/a><\/blockquote><script async src=\"https:\/\/platform.twitter.com\/widgets.js\" charset=\"utf-8\"><\/script><\/p>\n<\/div>\n","protected":false},"excerpt":{"rendered":"<p>La triste noticia se dio a conocer en el mediod\u00eda de este jueves. El olavarriense protagoniz\u00f3 un violento accidente en<\/p>\n","protected":false},"author":96739694,"featured_media":158496,"comment_status":"closed","ping_status":"closed","sticky":false,"template":"","format":"standard","meta":{"_jetpack_memberships_contains_paid_content":false,"footnotes":""},"categories":[34,1],"tags":[],"class_list":["post-137884","post","type-post","status-publish","format-standard","has-post-thumbnail","hentry","category-automovilismo","category-portada"],"jetpack_featured_media_url":"https:\/\/i0.wp.com\/cdnoticias.com\/wp-content\/uploads\/2023\/11\/Agustin-Herrera.jpg?fit=1000%2C562&ssl=1","jetpack_sharing_enabled":true,"_links":{"self":[{"href":"https:\/\/cdnoticias.com\/index.php\/wp-json\/wp\/v2\/posts\/137884","targetHints":{"allow":["GET"]}}],"collection":[{"href":"https:\/\/cdnoticias.com\/index.php\/wp-json\/wp\/v2\/posts"}],"about":[{"href":"https:\/\/cdnoticias.com\/index.php\/wp-json\/wp\/v2\/types\/post"}],"author":[{"embeddable":true,"href":"https:\/\/cdnoticias.com\/index.php\/wp-json\/wp\/v2\/users\/96739694"}],"replies":[{"embeddable":true,"href":"https:\/\/cdnoticias.com\/index.php\/wp-json\/wp\/v2\/comments?post=137884"}],"version-history":[{"count":0,"href":"https:\/\/cdnoticias.com\/index.php\/wp-json\/wp\/v2\/posts\/137884\/revisions"}],"wp:featuredmedia":[{"embeddable":true,"href":"https:\/\/cdnoticias.com\/index.php\/wp-json\/wp\/v2\/media\/158496"}],"wp:attachment":[{"href":"https:\/\/cdnoticias.com\/index.php\/wp-json\/wp\/v2\/media?parent=137884"}],"wp:term":[{"taxonomy":"category","embeddable":true,"href":"https:\/\/cdnoticias.com\/index.php\/wp-json\/wp\/v2\/categories?post=137884"},{"taxonomy":"post_tag","embeddable":true,"href":"https:\/\/cdnoticias.com\/index.php\/wp-json\/wp\/v2\/tags?post=137884"}],"curies":[{"name":"wp","href":"https:\/\/api.w.org\/{rel}","templated":true}]}}