{"id":137880,"date":"2023-11-03T18:08:42","date_gmt":"2023-11-03T21:08:42","guid":{"rendered":"https:\/\/centraldeportes.com.ar\/?p=44428"},"modified":"2025-02-12T23:06:52","modified_gmt":"2025-02-13T02:06:52","slug":"en-tandil-y-sierra-de-la-ventana-atletas-locales-dijeron-presentes","status":"publish","type":"post","link":"https:\/\/cdnoticias.com\/index.php\/2023\/11\/03\/en-tandil-y-sierra-de-la-ventana-atletas-locales-dijeron-presentes\/","title":{"rendered":"En Tandil y Sierra de la Ventana, atletas locales dijeron presentes"},"content":{"rendered":"\n<div class=\"wp-block-group is-layout-constrained wp-block-group-is-layout-constrained\">\n<p>El pasado fin de semana, las sierras bonaerenses tuvieron diferentes y tradicionales carreras aventuras y atletas de Olavarr\u00eda viajaron para ser parte de los desaf\u00edos.<!--more--><\/p>\n<hr \/>\n<p>Entre s\u00e1bado y domingo, las trail aventura fueron las protagonistas y hubo presencia en Tandil y en Sierras de la Ventana con algunas destacadas actuaciones.<\/p>\n<p>\u00a0<\/p>\n\n<p>\u00a0<\/p>\n<p>En Tandil se llev\u00f3 a cabo la tradicional <strong>H\u00e9roes Cross de Aventura<\/strong> y hubo destacada actuaci\u00f3n de los representantes de Olavarr\u00eda. La carrera que ofreci\u00f3 diferentes modalidades tuvo a <strong>Emiliano Alderete<\/strong> y <strong>Sergio Schipper<\/strong> corriendo los 40 kil\u00f3metros en dos d\u00edas en poco m\u00e1s de 4 horas.<\/p>\n<p>\u00a0<\/p>\n<p>Tambi\u00e9n sumando 10 kil\u00f3metros cada d\u00eda del fin de semana, <strong>Ana Guarino<\/strong> y <strong>Cristian Beltramella<\/strong> completaron el desaf\u00edo por las sierras tandilenses.<\/p>\n<p>\u00a0<\/p>\n<p>Ya en la jornada dominical, <strong>Yesica Recofsky<\/strong> fue la mejor olavarriense completando los 10K ya que termin\u00f3 en el segundo lugar de la categor\u00eda con un tiempo de 1:08:58 y dentro de la distancia corta tambi\u00e9n cruzaron el globo <strong>Daniela Spaltro<\/strong> y <strong>Georgina De los Santos<\/strong>.<\/p>\n<p>\u00a0<\/p>\n<p>En los 20K donde Carolina Bustos se qued\u00f3 con el primer lugar en su franja etaria con 1:56:32. <strong>Cristian Melchiore, Micaela Adorno, Marcela Rivas, Eugenia Fern\u00e1ndez, Marcelo Gudi\u00f1o y Marianela Fern\u00e1ndez<\/strong> tambi\u00e9n dijeron presentes.<\/p>\n<p>\u00a0<\/p>\n<div class=\"tiled-gallery type-rectangular tiled-gallery-unresized\" data-original-width=\"800\" data-carousel-extra='null' itemscope itemtype=\"http:\/\/schema.org\/ImageGallery\" > <div class=\"gallery-row\" style=\"width: 800px; height: 512px;\" data-original-width=\"800\" data-original-height=\"512\" > <div class=\"gallery-group images-1\" style=\"width: 800px; height: 512px;\" data-original-width=\"800\" data-original-height=\"512\" > <div class=\"tiled-gallery-item tiled-gallery-item-large\" itemprop=\"associatedMedia\" itemscope itemtype=\"http:\/\/schema.org\/ImageObject\"> <a href=\"https:\/\/i0.wp.com\/cdnoticias.com\/wp-content\/uploads\/2022\/01\/WhatsApp-Image-2022-01-21-at-10.57.28.jpeg?ssl=1\" border=\"0\" itemprop=\"url\"> <meta itemprop=\"width\" content=\"796\"> <meta itemprop=\"height\" content=\"508\"> <img decoding=\"async\" class=\"\" data-attachment-id=\"44430\" data-orig-file=\"https:\/\/cdnoticias.com\/wp-content\/uploads\/2022\/01\/WhatsApp-Image-2022-01-21-at-10.57.28.jpeg\" data-orig-size=\"1280,817\" data-comments-opened=\"\" data-image-meta=\"{&quot;aperture&quot;:&quot;0&quot;,&quot;credit&quot;:&quot;&quot;,&quot;camera&quot;:&quot;&quot;,&quot;caption&quot;:&quot;&quot;,&quot;created_timestamp&quot;:&quot;0&quot;,&quot;copyright&quot;:&quot;&quot;,&quot;focal_length&quot;:&quot;0&quot;,&quot;iso&quot;:&quot;0&quot;,&quot;shutter_speed&quot;:&quot;0&quot;,&quot;title&quot;:&quot;&quot;,&quot;orientation&quot;:&quot;0&quot;}\" data-image-title=\"WhatsApp Image 2022-01-21 at 10.57.28\" data-image-description=\"\" data-medium-file=\"https:\/\/i0.wp.com\/cdnoticias.com\/wp-content\/uploads\/2022\/01\/WhatsApp-Image-2022-01-21-at-10.57.28.jpeg?fit=300%2C191&#038;ssl=1\" data-large-file=\"https:\/\/i0.wp.com\/cdnoticias.com\/wp-content\/uploads\/2022\/01\/WhatsApp-Image-2022-01-21-at-10.57.28.jpeg?fit=800%2C511&#038;ssl=1\" src=\"https:\/\/i0.wp.com\/cdnoticias.com\/wp-content\/uploads\/2022\/01\/WhatsApp-Image-2022-01-21-at-10.57.28.jpeg?w=796&#038;h=508&#038;ssl=1\" srcset=\"https:\/\/i0.wp.com\/cdnoticias.com\/wp-content\/uploads\/2022\/01\/WhatsApp-Image-2022-01-21-at-10.57.28.jpeg?w=1280&amp;ssl=1 1280w, https:\/\/i0.wp.com\/cdnoticias.com\/wp-content\/uploads\/2022\/01\/WhatsApp-Image-2022-01-21-at-10.57.28.jpeg?resize=300%2C191&amp;ssl=1 300w, https:\/\/i0.wp.com\/cdnoticias.com\/wp-content\/uploads\/2022\/01\/WhatsApp-Image-2022-01-21-at-10.57.28.jpeg?resize=1024%2C654&amp;ssl=1 1024w, https:\/\/i0.wp.com\/cdnoticias.com\/wp-content\/uploads\/2022\/01\/WhatsApp-Image-2022-01-21-at-10.57.28.jpeg?resize=768%2C490&amp;ssl=1 768w\" width=\"796\" height=\"508\" loading=\"lazy\" data-original-width=\"796\" data-original-height=\"508\" itemprop=\"http:\/\/schema.org\/image\" title=\"WhatsApp Image 2022-01-21 at 10.57.28\" alt=\"WhatsApp Image 2022-01-21 at 10.57.28\" style=\"width: 796px; height: 508px;\" \/> <\/a> <\/div> <\/div> <!-- close group --> <\/div> <!-- close row --> <\/div>\n<p>\u00a0<\/p>\n<p>Por otro lado, en la Reserva Natural Sierras Grandes de Tornquist se corri\u00f3 el <strong>Desaf\u00edo Columbia<\/strong> y en la modalidad de dos d\u00edas de carrera con campamento obligatorio, <strong>Juan Suquilvide<\/strong> complet\u00f3 los 25+21K en 5:01:37.<\/p>\n<p>\u00a0<\/p>\n<p>Adem\u00e1s, en 21 kil\u00f3metros, <strong>Jos\u00edas Bertero<\/strong> logr\u00f3 completar la distancia y en 10K, entre los cientos de corredores, <strong>P\u00eda Alonso<\/strong>, <strong>Dana Vendeirinho<\/strong> y <strong>Julia Barrios Ram\u00edrez<\/strong> lograron completar el recorrido.<\/p>\n<\/div>\n","protected":false},"excerpt":{"rendered":"<p>El pasado fin de semana, las sierras bonaerenses tuvieron diferentes y tradicionales carreras aventuras y atletas de Olavarr\u00eda viajaron para<\/p>\n","protected":false},"author":96739694,"featured_media":158489,"comment_status":"closed","ping_status":"closed","sticky":false,"template":"","format":"standard","meta":{"_jetpack_memberships_contains_paid_content":false,"footnotes":""},"categories":[38,1],"tags":[],"class_list":["post-137880","post","type-post","status-publish","format-standard","has-post-thumbnail","hentry","category-pedestrismo","category-portada"],"jetpack_featured_media_url":"https:\/\/i0.wp.com\/cdnoticias.com\/wp-content\/uploads\/2023\/11\/lm1_262.jpg?fit=2250%2C1500&ssl=1","jetpack_sharing_enabled":true,"_links":{"self":[{"href":"https:\/\/cdnoticias.com\/index.php\/wp-json\/wp\/v2\/posts\/137880","targetHints":{"allow":["GET"]}}],"collection":[{"href":"https:\/\/cdnoticias.com\/index.php\/wp-json\/wp\/v2\/posts"}],"about":[{"href":"https:\/\/cdnoticias.com\/index.php\/wp-json\/wp\/v2\/types\/post"}],"author":[{"embeddable":true,"href":"https:\/\/cdnoticias.com\/index.php\/wp-json\/wp\/v2\/users\/96739694"}],"replies":[{"embeddable":true,"href":"https:\/\/cdnoticias.com\/index.php\/wp-json\/wp\/v2\/comments?post=137880"}],"version-history":[{"count":0,"href":"https:\/\/cdnoticias.com\/index.php\/wp-json\/wp\/v2\/posts\/137880\/revisions"}],"wp:featuredmedia":[{"embeddable":true,"href":"https:\/\/cdnoticias.com\/index.php\/wp-json\/wp\/v2\/media\/158489"}],"wp:attachment":[{"href":"https:\/\/cdnoticias.com\/index.php\/wp-json\/wp\/v2\/media?parent=137880"}],"wp:term":[{"taxonomy":"category","embeddable":true,"href":"https:\/\/cdnoticias.com\/index.php\/wp-json\/wp\/v2\/categories?post=137880"},{"taxonomy":"post_tag","embeddable":true,"href":"https:\/\/cdnoticias.com\/index.php\/wp-json\/wp\/v2\/tags?post=137880"}],"curies":[{"name":"wp","href":"https:\/\/api.w.org\/{rel}","templated":true}]}}