{"id":137875,"date":"2023-11-01T19:55:22","date_gmt":"2023-11-01T22:55:22","guid":{"rendered":"https:\/\/centraldeportes.com.ar\/?p=44436"},"modified":"2025-02-12T23:07:23","modified_gmt":"2025-02-13T02:07:23","slug":"matias-ordozgoiti-es-importante-arrancar-ganando-este-tipo-de-torneos","status":"publish","type":"post","link":"https:\/\/cdnoticias.com\/index.php\/2023\/11\/01\/matias-ordozgoiti-es-importante-arrancar-ganando-este-tipo-de-torneos\/","title":{"rendered":"Mat\u00edas Ordozgoiti: \u201cEs importante arrancar ganando este tipo de torneos\u201d"},"content":{"rendered":"<p>El capit\u00e1n de Racing habl\u00f3 en el post partido y analiz\u00f3 el triunfal debut de su equipo frente a Embajadores por la 1\u00b0 fecha del Torneo Regional Amateur. \u201cPor c\u00f3mo es el grupo fue un partido de seis puntos\u201d, asegur\u00f3.<!--more--><\/p>\n<hr \/>\n<p>El elenco conducido t\u00e9cnicamente por el \u201cChueco\u201d Garc\u00eda Lorenzo comenz\u00f3 con el pie derecho la nueva edici\u00f3n del certamen del <strong>Consejo Federal<\/strong> y<a href=\"https:\/\/cdnoticias.com\/racing-goleo-a-embajadores-en-el-estreno-del-federal-amateur\/\"> festej\u00f3 en su casa<\/a>, ante su gente, los primeros tres puntos conseguidos contra Embajadores.<\/p>\n<p>&nbsp;<\/p>\n<p>Concluidas las acciones en el c\u00e9sped del Buglione Martinese, <strong>Mat\u00edas Ordozgoiti habl\u00f3 en el post partido y brind\u00f3 sus declaraciones<\/strong> tras el victorioso debut: \u201c<em><strong>Es importante arrancar ganando este tipo de torneos, m\u00e1s de local<\/strong>. Por c\u00f3mo es el grupo, donde clasifica uno,<strong> fue un partido de seis puntos pr\u00e1cticamente<\/strong><\/em>\u201d, sostuvo en primer t\u00e9rmino.<\/p>\n<p>&nbsp;<\/p>\n<p>Respecto a lo sucedido en el terreno de juego, el capit\u00e1n cont\u00f3 que \u201c<em>no pod\u00edamos encontrarle la vuelta<\/em> (hasta los 30\u2019), <em>nos acomodamos en el medio para ganar la segunda pelota y <strong>cuando se abri\u00f3 el partido fue m\u00e1s f\u00e1cil, jugamos m\u00e1s tranquilos<\/strong>. Por suerte<strong> pudimos hacer tres goles y creo fuimos justos ganadores<\/strong><\/em>\u201d.<\/p>\n<p>&nbsp;<\/p>\n<p><img data-recalc-dims=\"1\" loading=\"lazy\" decoding=\"async\" class=\"aligncenter size-large wp-image-44297\" src=\"https:\/\/i0.wp.com\/cdnoticias.com\/wp-content\/uploads\/2023\/10\/rac-ceo-3.jpg?resize=800%2C533&#038;ssl=1\" alt=\"\" width=\"800\" height=\"533\" \/><\/p>\n<p>&nbsp;<\/p>\n<p>Previo al debut en el Federal, \u201cLa Estrellita\u201d se qued\u00f3 con el primer puesto del Torneo Oficial (fase regular): \u201c<em><strong>Venimos con una idea de juego que est\u00e1 saliendo<\/strong>. Se sum\u00f3 una victoria contra un equipo que siempre es protagonista, es el campe\u00f3n del Interligas. Eso lo hace m\u00e1s meritorio<\/em>\u201d, destac\u00f3.<\/p>\n<p>&nbsp;<\/p>\n<p>A nivel personal, fue un buen partido del atacante \u201cChaira\u201d. Clave para desbordar, romper l\u00edneas en tres cuartos de cancha y, adem\u00e1s, se despach\u00f3 con dos asistencias: \u201c<strong><em>Siempre trabajo para que las cosas salgan bien, a veces se da y otras no. Lo pude asistir al \u201cToro\u201d \u2013 Tarasco \u2013 que est\u00e1 intratable<\/em><\/strong>\u201d, coment\u00f3.<\/p>\n<p>&nbsp;<\/p>\n<p>El pr\u00f3ximo domingo, el equipo de Garc\u00eda Lorenzo visitar\u00e1 a Gimnasia y Esgrima de Tandil por la 2\u00b0 fecha de la Zona 10: \u201c<strong><em>Ser\u00e1 un partido duro de visitante, pero trataremos de sumar<\/em><\/strong>\u201d, finaliz\u00f3 \u201cMatute\u201d.<\/p>\n","protected":false},"excerpt":{"rendered":"<p>El capit\u00e1n de Racing habl\u00f3 en el post partido y analiz\u00f3 el triunfal debut de su equipo frente a Embajadores<\/p>\n","protected":false},"author":96739694,"featured_media":158517,"comment_status":"closed","ping_status":"closed","sticky":false,"template":"","format":"standard","meta":{"_jetpack_memberships_contains_paid_content":false,"footnotes":""},"categories":[35,1,54],"tags":[],"class_list":["post-137875","post","type-post","status-publish","format-standard","has-post-thumbnail","hentry","category-futbol","category-portada","category-torneo-regional-amateur"],"jetpack_featured_media_url":"https:\/\/i0.wp.com\/cdnoticias.com\/wp-content\/uploads\/2023\/11\/Matias-Ordozgoiti-Racing-e1698879296473.png?fit=993%2C595&ssl=1","jetpack_sharing_enabled":true,"_links":{"self":[{"href":"https:\/\/cdnoticias.com\/index.php\/wp-json\/wp\/v2\/posts\/137875","targetHints":{"allow":["GET"]}}],"collection":[{"href":"https:\/\/cdnoticias.com\/index.php\/wp-json\/wp\/v2\/posts"}],"about":[{"href":"https:\/\/cdnoticias.com\/index.php\/wp-json\/wp\/v2\/types\/post"}],"author":[{"embeddable":true,"href":"https:\/\/cdnoticias.com\/index.php\/wp-json\/wp\/v2\/users\/96739694"}],"replies":[{"embeddable":true,"href":"https:\/\/cdnoticias.com\/index.php\/wp-json\/wp\/v2\/comments?post=137875"}],"version-history":[{"count":0,"href":"https:\/\/cdnoticias.com\/index.php\/wp-json\/wp\/v2\/posts\/137875\/revisions"}],"wp:featuredmedia":[{"embeddable":true,"href":"https:\/\/cdnoticias.com\/index.php\/wp-json\/wp\/v2\/media\/158517"}],"wp:attachment":[{"href":"https:\/\/cdnoticias.com\/index.php\/wp-json\/wp\/v2\/media?parent=137875"}],"wp:term":[{"taxonomy":"category","embeddable":true,"href":"https:\/\/cdnoticias.com\/index.php\/wp-json\/wp\/v2\/categories?post=137875"},{"taxonomy":"post_tag","embeddable":true,"href":"https:\/\/cdnoticias.com\/index.php\/wp-json\/wp\/v2\/tags?post=137875"}],"curies":[{"name":"wp","href":"https:\/\/api.w.org\/{rel}","templated":true}]}}