{"id":137874,"date":"2023-11-01T19:35:33","date_gmt":"2023-11-01T22:35:33","guid":{"rendered":"https:\/\/centraldeportes.com.ar\/?p=44425"},"modified":"2025-02-12T23:07:25","modified_gmt":"2025-02-13T02:07:25","slug":"la-union-de-ciclistas-olavarrienses-ya-es-una-asociacion-civil","status":"publish","type":"post","link":"https:\/\/cdnoticias.com\/index.php\/2023\/11\/01\/la-union-de-ciclistas-olavarrienses-ya-es-una-asociacion-civil\/","title":{"rendered":"La Uni\u00f3n de Ciclistas Olavarrienses ya es una Asociaci\u00f3n Civil"},"content":{"rendered":"<p>D\u00edas atr\u00e1s, la Comisi\u00f3n Directiva de la Uni\u00f3n de Ciclistas Olavarrienses notific\u00f3 las buenas nuevas y es la obtenci\u00f3n de la Personer\u00eda Jur\u00eddica para ser la \u00fanica entidad legalmente constituida en la Ciudad y festej\u00f3 el logro organizando su primer festival.<!--more--><\/p>\n<hr \/>\n<p>El pasado 25 de octubre la Uni\u00f3n Ciclista Olavarriense obtuvo su personer\u00eda jur\u00eddica seg\u00fan matr\u00edcula 49237 y estrenando su nueva condici\u00f3n, organiz\u00f3 el \u00faltimo festival en la pista Humberto \u00c1ngel Corradi donde se consagraron \u00c1ngel Far\u00edas y Lucrecia Hern\u00e1ndez.<\/p>\n<p>&nbsp;<\/p>\n<p>Adem\u00e1s, en Infantiles corrireron Nairo Rold\u00e1n, Rom\u00e1n Vales, Thiago Haag, Benicio Doleschan, Francesca Louge, Aaron Carassou, Carlitos Navarro, Orina Ponte y Dylan L\u00f3pez.<\/p>\n<p>&nbsp;<\/p>\n<p>La asociaci\u00f3n que trabaja en reunir socios para potenciar la actividad y seguir fomentando el desarrollo, tiene como presidente a Jorge Maldonado y a Marcelo Sequeira como vicepresidente. Daniela Picazo es la secretaria y la tesorera, Candela Castro.<\/p>\n<p>&nbsp;<\/p>\n<p>Los resultados:<\/p>\n<p>Libre:<br \/>\n1\u00b0 Andr\u00e9s Farias (Azul)<br \/>\n2\u00b0 Esteban Rold\u00e1n (Olavarr\u00eda)<br \/>\n3\u00b0 Guillermo Erro (Pringles)<br \/>\n4\u00b0 Marcos Sosa (Olavarr\u00eda)<br \/>\n5\u00b0 Nehu\u00e9n Erripa (Olavarr\u00eda)<\/p>\n<p>M\u00e1ster B<br \/>\n1\u00b0 Fernando Vignau (Azul)<br \/>\n2\u00b0 Claudio Flores (Tres Arroyos)<br \/>\n3\u00b0 Mauricio Mazzante (Azul)<br \/>\n4\u00b0Guillermo Maidana (Balcarce)<br \/>\n5\u00b0Adri\u00e1n Salguero (Olavarr\u00eda)<\/p>\n<p>M\u00e1ster C<br \/>\n1\u00b0 Oscar Valetutto (Olavarr\u00eda)<br \/>\n2\u00b0 Walter Benito (Olavarria)<br \/>\n3\u00b0 Manolo Ilosio (Olavarr\u00eda)<br \/>\n4\u00b0 Walter Jos\u00e9 San Mart\u00edn (Olavarr\u00eda)<br \/>\n5\u00b0 Hern\u00e1n Azimonti (Azul)<\/p>\n<p>Damas Menores<br \/>\n1\u00b0 Sol M\u00e1rquez (Azul)<br \/>\n2\u00b0 Milena Ju\u00e1rez (Azul)<\/p>\n<p>Damas \u00c9lite<br \/>\n1\u00b0 Lucrecia Hern\u00e1ndez (Olavarr\u00eda)<br \/>\n2\u00b0 Charo Posse (Olavarr\u00eda)<br \/>\n3\u00b0 Lorena Vega (Olavarr\u00eda)<br \/>\n4\u00b0 Abril Azimonti (Azul)<br \/>\n5\u00b0 Anabella Vigo (Olavarr\u00eda)<\/p>\n<p>Menores de 40<br \/>\n1\u00b0 Diego Castro (Olavarr\u00eda)<br \/>\n2\u00b0 Agust\u00edn Ferro (Olavarr\u00eda)<br \/>\n3\u00b0 Santiago Erripa (Olavarr\u00eda)<br \/>\n4\u00b0 Mateo Mu\u00f1oz (Olavarr\u00eda)<br \/>\n5\u00b0 Leandro Erripa (Olavarr\u00eda)<\/p>\n<p>Mayores de 40<br \/>\n1\u00b0 Carlos Arias (Tapalque)<br \/>\n2\u00b0 Jorge Maldonado (Olavarr\u00eda)<br \/>\n3\u00b0 Leandro Dastugue (Olavarr\u00eda)<br \/>\n4\u00b0 Gast\u00f3n Romero (Sierra de la Ventana)<br \/>\n5\u00b0 Cristian Eliseo (Olavarr\u00eda)<\/p>\n<p>M\u00e1ster E<br \/>\n1\u00b0 N\u00e9stor Cerrudo (Azul)<br \/>\n2\u00b0 Hugo Loperena (Azul)<\/p>\n<p>M\u00e1ster D<br \/>\n1\u00b0 Francisco Posse (Olavarr\u00eda)<br \/>\n2\u00b0 Hugo Santill\u00e1n (Azul)<br \/>\n3\u00b0 Hugo Bustos (Tres Arroyos)<br \/>\n4\u00b0Jorge Olmedo (Olavarr\u00eda)<br \/>\n5\u00b0 Oscar Cisneros (Olavarr\u00eda)<\/p>\n<p>Debutantes<br \/>\n1\u00b0 M\u00e1ximo Pane (Azul)<br \/>\n2\u00b0 Facundo Izarriaga (Olavarr\u00eda)<br \/>\n3\u00b0 Joaqu\u00edn Garc\u00eda (Tapalque)<br \/>\n4\u00b0 Jano Gabil\u00e1n (Azul)<br \/>\n5\u00b0Agust\u00edn Rodolfo (Azul)<\/p>\n","protected":false},"excerpt":{"rendered":"<p>D\u00edas atr\u00e1s, la Comisi\u00f3n Directiva de la Uni\u00f3n de Ciclistas Olavarrienses notific\u00f3 las buenas nuevas y es la obtenci\u00f3n de<\/p>\n","protected":false},"author":96739694,"featured_media":158520,"comment_status":"closed","ping_status":"closed","sticky":false,"template":"","format":"standard","meta":{"_jetpack_memberships_contains_paid_content":false,"footnotes":""},"categories":[30,1],"tags":[],"class_list":["post-137874","post","type-post","status-publish","format-standard","has-post-thumbnail","hentry","category-polideportivo","category-portada"],"jetpack_featured_media_url":"https:\/\/i0.wp.com\/cdnoticias.com\/wp-content\/uploads\/2023\/11\/395397965_804329285036446_3981887715694018649_n.jpg?fit=2048%2C1536&ssl=1","jetpack_sharing_enabled":true,"_links":{"self":[{"href":"https:\/\/cdnoticias.com\/index.php\/wp-json\/wp\/v2\/posts\/137874","targetHints":{"allow":["GET"]}}],"collection":[{"href":"https:\/\/cdnoticias.com\/index.php\/wp-json\/wp\/v2\/posts"}],"about":[{"href":"https:\/\/cdnoticias.com\/index.php\/wp-json\/wp\/v2\/types\/post"}],"author":[{"embeddable":true,"href":"https:\/\/cdnoticias.com\/index.php\/wp-json\/wp\/v2\/users\/96739694"}],"replies":[{"embeddable":true,"href":"https:\/\/cdnoticias.com\/index.php\/wp-json\/wp\/v2\/comments?post=137874"}],"version-history":[{"count":0,"href":"https:\/\/cdnoticias.com\/index.php\/wp-json\/wp\/v2\/posts\/137874\/revisions"}],"wp:featuredmedia":[{"embeddable":true,"href":"https:\/\/cdnoticias.com\/index.php\/wp-json\/wp\/v2\/media\/158520"}],"wp:attachment":[{"href":"https:\/\/cdnoticias.com\/index.php\/wp-json\/wp\/v2\/media?parent=137874"}],"wp:term":[{"taxonomy":"category","embeddable":true,"href":"https:\/\/cdnoticias.com\/index.php\/wp-json\/wp\/v2\/categories?post=137874"},{"taxonomy":"post_tag","embeddable":true,"href":"https:\/\/cdnoticias.com\/index.php\/wp-json\/wp\/v2\/tags?post=137874"}],"curies":[{"name":"wp","href":"https:\/\/api.w.org\/{rel}","templated":true}]}}