{"id":137873,"date":"2023-11-01T16:37:51","date_gmt":"2023-11-01T19:37:51","guid":{"rendered":"https:\/\/centraldeportes.com.ar\/?p=44420"},"modified":"2025-02-12T23:07:28","modified_gmt":"2025-02-13T02:07:28","slug":"el-torneo-oficial-jugo-el-anteultimo-fin-de-semana-de-la-etapa-regular","status":"publish","type":"post","link":"https:\/\/cdnoticias.com\/index.php\/2023\/11\/01\/el-torneo-oficial-jugo-el-anteultimo-fin-de-semana-de-la-etapa-regular\/","title":{"rendered":"El Torneo Oficial jug\u00f3 el ante\u00faltimo fin de semana de la Etapa Regular"},"content":{"rendered":"\n<p>Si bien la \u201cCopa Olavarr\u00eda\u201d para las dos ramas Sub13 se rob\u00f3 la atenci\u00f3n en el transcurso del fin de semana, tambi\u00e9n hubo competencia del Torneo Oficial.<\/p>\n\n\n\n<!--more-->\n\n\n\n<hr class=\"wp-block-separator has-alpha-channel-opacity\"\/>\n\n\n\n<p>Las categor\u00edas formativas de la Asociaci\u00f3n de B\u00e1squet de Olavarr\u00eda tuvieron mucha acci\u00f3n en gimnasios fuera de Olavarr\u00eda en lo que signific\u00f3 el ante\u00faltimo fin de semana de la Etapa Regular.<\/p>\n\n\n\n<p>Se jugaron 9 cruces para tratar de definir los equipos que jugar\u00e1n por el campeonato.<\/p>\n\n\n\n<p>.[soliloquy id=&#8221;44413&#8243;]<\/p>\n\n\n\n<p>Los resultados:<\/p>\n\n\n\n<p><strong>Independiente vs Independiente \u201cB\u201d:<\/strong><br>U15: 88-24<\/p>\n\n\n\n<p><strong>Chacarita Negro vs Independiente:<\/strong><br>U19: 97-77<br>U17: 88-59<br>U15 \u201cB\u201d: 86-77<br>U15: 84-88<\/p>\n\n\n\n<p><strong>Las Flores vs Estudiantes Negro:<\/strong><br>Mini: 77-69<br>U13: 63-29<br>U15: 54-78<br>U17: 58-69<\/p>\n\n\n\n<p><strong>Jorge Newbery vs El Fort\u00edn:<\/strong><br>U15: 67-55<br>U13: 58-55<br>U17: 54-46<br>Mini:<\/p>\n\n\n\n<p><strong>Pueblo Nuevo vs Racing (L):<\/strong><br>Mini: 21-80<br>U15: 44-58<br>U17: 55-49<\/p>\n\n\n\n<p><strong>Chacarita Negro vs Estudiantes Negro:<\/strong><br>U15: 39-101<br>U17: 48-67<br>U19: 91-69<\/p>\n\n\n\n<p><strong>Jorge Newbery vs Racing Azul:<\/strong><br>U15:<br>U13:<br>U17:<br>Mini:<\/p>\n\n\n\n<p><strong>Racing Azul vs Ferro:<\/strong><br>Mini: 67-62<br>U13: 75-38<br>U15: 74-30<br>U17: 122-11<\/p>\n\n\n\n<p><strong>Racing Blanco vs Estudiantes Negro:<\/strong><br>U15: 38 &#8211; 101<\/p>\n","protected":false},"excerpt":{"rendered":"<p>Si bien la \u201cCopa Olavarr\u00eda\u201d para las dos ramas Sub13 se rob\u00f3 la atenci\u00f3n en el transcurso del fin de<\/p>\n","protected":false},"author":96739694,"featured_media":158524,"comment_status":"closed","ping_status":"closed","sticky":false,"template":"","format":"standard","meta":{"_jetpack_memberships_contains_paid_content":false,"footnotes":""},"categories":[31,44,1],"tags":[],"class_list":["post-137873","post","type-post","status-publish","format-standard","has-post-thumbnail","hentry","category-basquet","category-inferiores-basquet","category-portada"],"jetpack_featured_media_url":"https:\/\/i0.wp.com\/cdnoticias.com\/wp-content\/uploads\/2023\/11\/inf-abo-1.jpg?fit=1280%2C853&ssl=1","jetpack_sharing_enabled":true,"_links":{"self":[{"href":"https:\/\/cdnoticias.com\/index.php\/wp-json\/wp\/v2\/posts\/137873","targetHints":{"allow":["GET"]}}],"collection":[{"href":"https:\/\/cdnoticias.com\/index.php\/wp-json\/wp\/v2\/posts"}],"about":[{"href":"https:\/\/cdnoticias.com\/index.php\/wp-json\/wp\/v2\/types\/post"}],"author":[{"embeddable":true,"href":"https:\/\/cdnoticias.com\/index.php\/wp-json\/wp\/v2\/users\/96739694"}],"replies":[{"embeddable":true,"href":"https:\/\/cdnoticias.com\/index.php\/wp-json\/wp\/v2\/comments?post=137873"}],"version-history":[{"count":0,"href":"https:\/\/cdnoticias.com\/index.php\/wp-json\/wp\/v2\/posts\/137873\/revisions"}],"wp:featuredmedia":[{"embeddable":true,"href":"https:\/\/cdnoticias.com\/index.php\/wp-json\/wp\/v2\/media\/158524"}],"wp:attachment":[{"href":"https:\/\/cdnoticias.com\/index.php\/wp-json\/wp\/v2\/media?parent=137873"}],"wp:term":[{"taxonomy":"category","embeddable":true,"href":"https:\/\/cdnoticias.com\/index.php\/wp-json\/wp\/v2\/categories?post=137873"},{"taxonomy":"post_tag","embeddable":true,"href":"https:\/\/cdnoticias.com\/index.php\/wp-json\/wp\/v2\/tags?post=137873"}],"curies":[{"name":"wp","href":"https:\/\/api.w.org\/{rel}","templated":true}]}}