{"id":137872,"date":"2023-11-01T14:41:03","date_gmt":"2023-11-01T17:41:03","guid":{"rendered":"https:\/\/centraldeportes.com.ar\/?p=44410"},"modified":"2025-02-12T23:07:30","modified_gmt":"2025-02-13T02:07:30","slug":"agustin-vernice-comenzo-su-carrera-en-los-juegos-panamericanos-y-clasifico-a-la-primera-final","status":"publish","type":"post","link":"https:\/\/cdnoticias.com\/index.php\/2023\/11\/01\/agustin-vernice-comenzo-su-carrera-en-los-juegos-panamericanos-y-clasifico-a-la-primera-final\/","title":{"rendered":"Agust\u00edn Vernice comenz\u00f3 su carrera en los Juegos Panamericanos y clasific\u00f3 a la primera final"},"content":{"rendered":"<p>Agust\u00edn Vernice, comenz\u00f3 este mi\u00e9rcoles su traves\u00eda por los Juegos Panamericanos de Chile y en su primera serie de K2 500 m junto a Gonzalo Lo Moro se metieron en la Final A de la competencia.<!--more--><\/p>\n<hr \/>\n<p>El palista del Club Estudiantes y su compa\u00f1ero de equipo lograron arribar en el primer puesto con un registro de 1:31:59 y fueron escoltados por\u00a0Estados Unidos (1:33:66) y Cuba (1:38:84).<\/p>\n<p>&nbsp;<\/p>\n<p>La buena actuaci\u00f3n de los representantes argentinos, les permiti\u00f3 la clasificaci\u00f3n directa a la Final A que ser\u00e1 el viernes a las 9:20 AM.<\/p>\n<p>&nbsp;<\/p>\n<p>Adem\u00e1s, en el transcurso del jueves, Vernice se presentar\u00e1 en la competencia de K1 1000m, su especialidad, que al igual que en K2 500, los dos primeros clasificar\u00e1n directo a la Final A.<\/p>\n","protected":false},"excerpt":{"rendered":"<p>Agust\u00edn Vernice, comenz\u00f3 este mi\u00e9rcoles su traves\u00eda por los Juegos Panamericanos de Chile y en su primera serie de K2<\/p>\n","protected":false},"author":96739694,"featured_media":158526,"comment_status":"closed","ping_status":"closed","sticky":false,"template":"","format":"standard","meta":{"_jetpack_memberships_contains_paid_content":false,"footnotes":""},"categories":[30,1],"tags":[],"class_list":["post-137872","post","type-post","status-publish","format-standard","has-post-thumbnail","hentry","category-polideportivo","category-portada"],"jetpack_featured_media_url":"https:\/\/i0.wp.com\/cdnoticias.com\/wp-content\/uploads\/2023\/11\/IMG_20231101_134710_109.jpg?fit=684%2C456&ssl=1","jetpack_sharing_enabled":true,"_links":{"self":[{"href":"https:\/\/cdnoticias.com\/index.php\/wp-json\/wp\/v2\/posts\/137872","targetHints":{"allow":["GET"]}}],"collection":[{"href":"https:\/\/cdnoticias.com\/index.php\/wp-json\/wp\/v2\/posts"}],"about":[{"href":"https:\/\/cdnoticias.com\/index.php\/wp-json\/wp\/v2\/types\/post"}],"author":[{"embeddable":true,"href":"https:\/\/cdnoticias.com\/index.php\/wp-json\/wp\/v2\/users\/96739694"}],"replies":[{"embeddable":true,"href":"https:\/\/cdnoticias.com\/index.php\/wp-json\/wp\/v2\/comments?post=137872"}],"version-history":[{"count":0,"href":"https:\/\/cdnoticias.com\/index.php\/wp-json\/wp\/v2\/posts\/137872\/revisions"}],"wp:featuredmedia":[{"embeddable":true,"href":"https:\/\/cdnoticias.com\/index.php\/wp-json\/wp\/v2\/media\/158526"}],"wp:attachment":[{"href":"https:\/\/cdnoticias.com\/index.php\/wp-json\/wp\/v2\/media?parent=137872"}],"wp:term":[{"taxonomy":"category","embeddable":true,"href":"https:\/\/cdnoticias.com\/index.php\/wp-json\/wp\/v2\/categories?post=137872"},{"taxonomy":"post_tag","embeddable":true,"href":"https:\/\/cdnoticias.com\/index.php\/wp-json\/wp\/v2\/tags?post=137872"}],"curies":[{"name":"wp","href":"https:\/\/api.w.org\/{rel}","templated":true}]}}