{"id":137871,"date":"2023-11-01T06:50:42","date_gmt":"2023-11-01T09:50:42","guid":{"rendered":"https:\/\/centraldeportes.com.ar\/?p=44405"},"modified":"2025-02-12T22:35:31","modified_gmt":"2025-02-13T01:35:31","slug":"estudiantes-vencio-a-el-fortin-y-se-aseguro-el-segundo-puesto","status":"publish","type":"post","link":"https:\/\/cdnoticias.com\/index.php\/2023\/11\/01\/estudiantes-vencio-a-el-fortin-y-se-aseguro-el-segundo-puesto\/","title":{"rendered":"Estudiantes venci\u00f3 a El Fort\u00edn y se asegur\u00f3 el segundo puesto"},"content":{"rendered":"\n<div class=\"wp-block-group is-layout-constrained wp-block-group-is-layout-constrained\">\n<p>En la continuidad de la und\u00e9cima cita del Torneo Oficial, el \u201cBata\u201d le gan\u00f3 por la m\u00ednima diferencia al conjunto de Fabricio Torres y finaliz\u00f3 la fase regular invicto. Adem\u00e1s, ganaron Municipales y Racing.<!--more--><\/p>\n<hr \/>\n<p>Este martes, con tres partidos disputados, prosigui\u00f3 la acci\u00f3n de la \u00faltima fecha del campeonato local que hab\u00eda iniciado el pasado domingo con el <a href=\"https:\/\/cdnoticias.com\/torneo-oficial-hinojo-festejo-en-el-inicio-de-la-ultima-fecha\/\">triunfo de Hinojo<\/a>. Por un lado, en el c\u00e9sped del Parque Carlos Guerrero, <strong>Estudiantes derrot\u00f3 por la m\u00ednima ventaja a El Fort\u00edn<\/strong> y se qued\u00f3 con el segundo puesto de la fase regular.<\/p>\n<p>\u00a0<\/p>\n<p><strong>Con gol de Juan Jos\u00e9 Longhini de penal, el \u201cBata\u201d<\/strong> <strong>abri\u00f3 el marcador en el primer tiempo y le bast\u00f3 para imponerse 1 a 0 sobre el conjunto \u201cFortinero\u201d<\/strong>. Adem\u00e1s, el equipo \u201cAlbinegro\u201d termin\u00f3 invicto la primera parte del certamen liguista.<\/p>\n<p>\u00a0<\/p>\n<ul>\n<li>\n<h6><strong>Detalles del partido<\/strong><\/h6>\n<\/li>\n<\/ul>\n<p>\u00a0<\/p>\n<p>Excepto por el gol, no hubo mucha diferencia de juego a lo largo de los primeros 45&#8242; porque el tr\u00e1mite fue parejo y ambos equipos se repartieron el bal\u00f3n hasta pasados los veinte minutos. No obstante, tuvieron situaciones de peligro previas.<\/p>\n<p>\u00a0<\/p>\n<p>A los 23\u2019 avis\u00f3 el \u201cBata\u201d con un cabezazo de Garrido que se perdi\u00f3 a cent\u00edmetros del poste derecho y m\u00e1s tarde, en el minuto 31, lleg\u00f3 El Fort\u00edn por intermedio de Navarro, que se proyect\u00f3 bien \u2013 asistido por Benito \u2013 pero elev\u00f3 demasiado el remate.<\/p>\n<p>\u00a0<\/p>\n<p><strong>Una mano Bustos dentro del \u00e1rea caus\u00f3 el detonante que Palavecino, sin dudarlo, pit\u00f3 la pena m\u00e1xima y Juan Jos\u00e9 Longini, con una potente definici\u00f3n al medio, intercambi\u00f3 por gol a los 35\u2019 y le dio la ventaja a Estudiantes<\/strong>.<\/p>\n<p>\u00a0<\/p>\n<p>El segundo tiempo baj\u00f3 un nivel de intensidad, aunque tambi\u00e9n rein\u00f3 la paridad en cuanto a lo futbol\u00edstico. El conjunto \u201cAlbinegro\u201d tuvo m\u00e1s la pelota y El Fort\u00edn, incentivado con las variantes, pis\u00f3 un par de veces el \u00e1rea local pero careci\u00f3 de profundidad para terminar las jugadas.<\/p>\n<p>\u00a0<\/p>\n<h6><strong>Municipales y Racing ganaron en el resto de los partidos<\/strong><\/h6>\n<p>En el primer turno de la jornada, <strong>el conjunto del sindicato derrot\u00f3 3 a 0 a Sierra Chica<\/strong> en el sint\u00e9tico del \u201cTete\u201d Di Carlo<strong> con los tantos de Gabriel Rivas, Emmanuel Sbardolini y Alejandro G\u00f3me<\/strong>z. A su vez, en Reserva, gan\u00f3 el elenco sierrachiquense <strong>2 a 1<\/strong>.<\/p>\n<p>\u00a0<\/p>\n<p>[soliloquy id=&#8221;44398&#8243;]<\/p>\n<p>\u00a0<\/p>\n<p>Por su parte, en Villa Alfredo Fortabat, <strong>Racing continu\u00f3 con su buen presente y gole\u00f3 5 a 0 a Espigas<\/strong> con autor\u00eda de <strong>Justino Borra, en dos ocasiones, Facundo Tucker, Joaqu\u00edn Ayesa y Rom\u00e1n Garabento<\/strong>. Horas antes, la categor\u00eda preliminar fue <strong>7 a 0<\/strong> a favor del \u201cChaira\u201d.<\/p>\n<p><strong>\u00a0<\/strong><\/p>\n<p><strong>S\u00edntesis Estudiantes \u2013 El Fort\u00edn: \u00a0<\/strong><\/p>\n<p><strong>Estudiantes (1):<\/strong> Agust\u00edn Bonavetti; Lautaro Basterrica, Manuel Garrido, Leandro Castar\u00e9s, Eros Salas; Kevin Gentil (L. Crivelli), Lucas Romero, Tom\u00e1s Otazo (E. Peralta), Lautaro Braun (R. S\u00e1nchez); Bruno Peralta (F. Vignale) y Juan Jos\u00e9 Longhini. DT: Rub\u00e9n Istilliarte.<\/p>\n<p><strong>El Fort\u00edn (0): <\/strong>N\u00e9stor Ram\u00edrez; Lautaro Eseberri, Gian Franco Di Tommaso, Federico Bustos, Francisco Navarro; Gustavo Rinc\u00f3n (A. Arce), Agust\u00edn Hatrick, Enzo Bonavetti, Paulo Ponce (E. Teves); Leonardo Benito y Gabriel Bravo (L. Ferrara). DT: Fabricio Torres.<\/p>\n<p><strong>Goles<\/strong>: 35m. PT Juan Jos\u00e9 Longhini \u2013 p \u2013 (CAE).<\/p>\n<p><strong>Amonestados<\/strong>: Longhini, Basterrica y Castar\u00e9s (Estudiantes); Hatrick (El Fort\u00edn).<\/p>\n<p><strong>Expulsados<\/strong>: No hubo.<\/p>\n<p><strong>\u00c1rbitro<\/strong>: Marcos Palavecino. <strong>Estadio<\/strong>: Parque Carlos Guerrero.<\/p>\n<p><strong>Reserva:<\/strong> Estudiantes <strong>2 \u2013 3<\/strong> El Fort\u00edn.<\/p>\n<p>\u00a0<\/p>\n<p><em><strong>Foto: Prensa CAE.<\/strong><\/em><\/p>\n<\/div>\n","protected":false},"excerpt":{"rendered":"<p>En la continuidad de la und\u00e9cima cita del Torneo Oficial, el \u201cBata\u201d le gan\u00f3 por la m\u00ednima diferencia al conjunto<\/p>\n","protected":false},"author":96739694,"featured_media":158408,"comment_status":"closed","ping_status":"closed","sticky":false,"template":"","format":"standard","meta":{"_jetpack_memberships_contains_paid_content":false,"footnotes":""},"categories":[35,1,41],"tags":[],"class_list":["post-137871","post","type-post","status-publish","format-standard","has-post-thumbnail","hentry","category-futbol","category-portada","category-primera-y-reserva"],"jetpack_featured_media_url":"https:\/\/i0.wp.com\/cdnoticias.com\/wp-content\/uploads\/2023\/11\/LFO-Estudiantes-vs-El-Fortin-11%C2%B0-fecha-e1698832212398.jpeg?fit=1000%2C558&ssl=1","jetpack_sharing_enabled":true,"_links":{"self":[{"href":"https:\/\/cdnoticias.com\/index.php\/wp-json\/wp\/v2\/posts\/137871","targetHints":{"allow":["GET"]}}],"collection":[{"href":"https:\/\/cdnoticias.com\/index.php\/wp-json\/wp\/v2\/posts"}],"about":[{"href":"https:\/\/cdnoticias.com\/index.php\/wp-json\/wp\/v2\/types\/post"}],"author":[{"embeddable":true,"href":"https:\/\/cdnoticias.com\/index.php\/wp-json\/wp\/v2\/users\/96739694"}],"replies":[{"embeddable":true,"href":"https:\/\/cdnoticias.com\/index.php\/wp-json\/wp\/v2\/comments?post=137871"}],"version-history":[{"count":0,"href":"https:\/\/cdnoticias.com\/index.php\/wp-json\/wp\/v2\/posts\/137871\/revisions"}],"wp:featuredmedia":[{"embeddable":true,"href":"https:\/\/cdnoticias.com\/index.php\/wp-json\/wp\/v2\/media\/158408"}],"wp:attachment":[{"href":"https:\/\/cdnoticias.com\/index.php\/wp-json\/wp\/v2\/media?parent=137871"}],"wp:term":[{"taxonomy":"category","embeddable":true,"href":"https:\/\/cdnoticias.com\/index.php\/wp-json\/wp\/v2\/categories?post=137871"},{"taxonomy":"post_tag","embeddable":true,"href":"https:\/\/cdnoticias.com\/index.php\/wp-json\/wp\/v2\/tags?post=137871"}],"curies":[{"name":"wp","href":"https:\/\/api.w.org\/{rel}","templated":true}]}}