{"id":137866,"date":"2023-10-30T20:45:24","date_gmt":"2023-10-30T23:45:24","guid":{"rendered":"https:\/\/centraldeportes.com.ar\/?p=44366"},"modified":"2025-02-12T22:35:39","modified_gmt":"2025-02-13T01:35:39","slug":"presencia-local-y-podio-en-10k-solidarios-en-maipu","status":"publish","type":"post","link":"https:\/\/cdnoticias.com\/index.php\/2023\/10\/30\/presencia-local-y-podio-en-10k-solidarios-en-maipu\/","title":{"rendered":"Presencia local y podio en 10K solidarios en Maip\u00fa"},"content":{"rendered":"\n<div class=\"wp-block-group is-layout-constrained wp-block-group-is-layout-constrained\">\n<p>El pasado fin de semana se corri\u00f3 en Maip\u00fa \u201cLa Carrera del Asado\u201d organizada por la Subsecretar\u00eda de Deportes de la Municipalidad y hubo una destacada actuaci\u00f3n de Leonardo Landaburu que termin\u00f3 en las principales posiciones.<!--more--><\/p>\n<hr \/>\n<p>La competencia pedestre sobre 10 kil\u00f3metros que entreg\u00f3 una buena suma de dinero en premios, tuvo el festejo para el tandilense <strong>Guillermo Funaro<\/strong> que complet\u00f3 la distancia en 31:13.<\/p>\n<p>\u00a0<\/p>\n<p>\u201cLa Carrera del Asado\u201d que tuvo su 13\u00b0 edici\u00f3n cont\u00f3 con la destacada presencia del olavarriense<strong> Leonardo Landaburu que finaliz\u00f3 en el 4\u00b0 lugar<\/strong> con 31:57, pero no fue el \u00fanico ya que tambi\u00e9n lograron cruzar el globo.<\/p>\n<p>\u00a0<\/p>\n<p>Entre los m\u00e1s de 200 atletas <strong>Walter Rold\u00e1n<\/strong> termin\u00f3 el recorrido en 36:29 y <strong>Anabella Far\u00edas<\/strong> lo hizo en 1:01:14.<\/p>\n<\/div>\n","protected":false},"excerpt":{"rendered":"<p>El pasado fin de semana se corri\u00f3 en Maip\u00fa \u201cLa Carrera del Asado\u201d organizada por la Subsecretar\u00eda de Deportes de<\/p>\n","protected":false},"author":96739694,"featured_media":158423,"comment_status":"closed","ping_status":"closed","sticky":false,"template":"","format":"standard","meta":{"_jetpack_memberships_contains_paid_content":false,"footnotes":""},"categories":[38,1],"tags":[],"class_list":["post-137866","post","type-post","status-publish","format-standard","has-post-thumbnail","hentry","category-pedestrismo","category-portada"],"jetpack_featured_media_url":"https:\/\/i0.wp.com\/cdnoticias.com\/wp-content\/uploads\/2023\/10\/WhatsApp-Image-2023-10-29-at-12.53.19-e1698709435227.jpeg?fit=1200%2C794&ssl=1","jetpack_sharing_enabled":true,"_links":{"self":[{"href":"https:\/\/cdnoticias.com\/index.php\/wp-json\/wp\/v2\/posts\/137866","targetHints":{"allow":["GET"]}}],"collection":[{"href":"https:\/\/cdnoticias.com\/index.php\/wp-json\/wp\/v2\/posts"}],"about":[{"href":"https:\/\/cdnoticias.com\/index.php\/wp-json\/wp\/v2\/types\/post"}],"author":[{"embeddable":true,"href":"https:\/\/cdnoticias.com\/index.php\/wp-json\/wp\/v2\/users\/96739694"}],"replies":[{"embeddable":true,"href":"https:\/\/cdnoticias.com\/index.php\/wp-json\/wp\/v2\/comments?post=137866"}],"version-history":[{"count":0,"href":"https:\/\/cdnoticias.com\/index.php\/wp-json\/wp\/v2\/posts\/137866\/revisions"}],"wp:featuredmedia":[{"embeddable":true,"href":"https:\/\/cdnoticias.com\/index.php\/wp-json\/wp\/v2\/media\/158423"}],"wp:attachment":[{"href":"https:\/\/cdnoticias.com\/index.php\/wp-json\/wp\/v2\/media?parent=137866"}],"wp:term":[{"taxonomy":"category","embeddable":true,"href":"https:\/\/cdnoticias.com\/index.php\/wp-json\/wp\/v2\/categories?post=137866"},{"taxonomy":"post_tag","embeddable":true,"href":"https:\/\/cdnoticias.com\/index.php\/wp-json\/wp\/v2\/tags?post=137866"}],"curies":[{"name":"wp","href":"https:\/\/api.w.org\/{rel}","templated":true}]}}