{"id":137851,"date":"2023-10-28T20:03:41","date_gmt":"2023-10-28T23:03:41","guid":{"rendered":"https:\/\/centraldeportes.com.ar\/?p=44258"},"modified":"2025-02-12T22:36:05","modified_gmt":"2025-02-13T01:36:05","slug":"open-de-menorca-el-camino-se-corto-en-semis-para-chingotto-navarro","status":"publish","type":"post","link":"https:\/\/cdnoticias.com\/index.php\/2023\/10\/28\/open-de-menorca-el-camino-se-corto-en-semis-para-chingotto-navarro\/","title":{"rendered":"Open de Menorca: el camino se cort\u00f3 en semis para Chingotto &#8211; Navarro"},"content":{"rendered":"<p>El olavarriense y su par espa\u00f1ol no pudieron frente a Tapia \u2013 Coello, cedieron en sets corridos y quedaron eliminados del certamen espa\u00f1ol. Lo pr\u00f3ximo para \u201cFede\u201d en la temporada, el Open de Malm\u00f6.<!--more--><\/p>\n<hr \/>\n<p>El anhelo por otra definici\u00f3n se esfum\u00f3 para <strong>Federico Chingotto y Francisco Navarro<\/strong>, quienes este s\u00e1bado volvieron a presentarse en el 20&#215;10, pero se despidieron del <strong>Estrella Damm Menorca Open<\/strong>.<\/p>\n<p>&nbsp;<\/p>\n<p>En la alfombra central del Pavell\u00f3 Menorca, <strong>\u201cFede\u201d y \u201cPaquito\u201d abrieron la llave de semifinales del cuadro masculino frente a la dupla de Agust\u00edn Tapia \u2013 Arturo Coello y cayeron en sets consecutivos por un doble 6 \u2013 3<\/strong>.<\/p>\n<p>&nbsp;<\/p>\n<p>La pegada de Coello fue un factor que sufrieron constantemente el olavarriense y el sevillano, a pesar de la leve reacci\u00f3n en un primer set donde supieron estar 0 \u2013 5 abajo. M\u00e1s tarde, en el segundo cap\u00edtulo, Tapia \u2013 Coello lograron romper el servicio en el quinto game y se perfilaron de cara al triunfo.<\/p>\n<p>&nbsp;<\/p>\n<p>Ahora, con una semana de descanso, Chingotto encarar\u00e1 lo pr\u00f3ximo de la temporada de World Padel Tour en Suecia con el desarrollo del Open de Malm\u00f6, que se disputar\u00e1 entre el 6 y 12 de noviembre.<\/p>\n<p>&nbsp;<\/p>\n<p><em><strong>Foto: World Padel Tour.<\/strong><\/em><\/p>\n","protected":false},"excerpt":{"rendered":"<p>El olavarriense y su par espa\u00f1ol no pudieron frente a Tapia \u2013 Coello, cedieron en sets corridos y quedaron eliminados<\/p>\n","protected":false},"author":96739694,"featured_media":158455,"comment_status":"closed","ping_status":"closed","sticky":false,"template":"","format":"standard","meta":{"_jetpack_memberships_contains_paid_content":false,"footnotes":""},"categories":[1,55],"tags":[],"class_list":["post-137851","post","type-post","status-publish","format-standard","has-post-thumbnail","hentry","category-portada","category-tenis-padel"],"jetpack_featured_media_url":"https:\/\/i0.wp.com\/cdnoticias.com\/wp-content\/uploads\/2023\/10\/Chingotto-Open-de-Menorca-Semis.jpg?fit=1000%2C571&ssl=1","jetpack_sharing_enabled":true,"_links":{"self":[{"href":"https:\/\/cdnoticias.com\/index.php\/wp-json\/wp\/v2\/posts\/137851","targetHints":{"allow":["GET"]}}],"collection":[{"href":"https:\/\/cdnoticias.com\/index.php\/wp-json\/wp\/v2\/posts"}],"about":[{"href":"https:\/\/cdnoticias.com\/index.php\/wp-json\/wp\/v2\/types\/post"}],"author":[{"embeddable":true,"href":"https:\/\/cdnoticias.com\/index.php\/wp-json\/wp\/v2\/users\/96739694"}],"replies":[{"embeddable":true,"href":"https:\/\/cdnoticias.com\/index.php\/wp-json\/wp\/v2\/comments?post=137851"}],"version-history":[{"count":0,"href":"https:\/\/cdnoticias.com\/index.php\/wp-json\/wp\/v2\/posts\/137851\/revisions"}],"wp:featuredmedia":[{"embeddable":true,"href":"https:\/\/cdnoticias.com\/index.php\/wp-json\/wp\/v2\/media\/158455"}],"wp:attachment":[{"href":"https:\/\/cdnoticias.com\/index.php\/wp-json\/wp\/v2\/media?parent=137851"}],"wp:term":[{"taxonomy":"category","embeddable":true,"href":"https:\/\/cdnoticias.com\/index.php\/wp-json\/wp\/v2\/categories?post=137851"},{"taxonomy":"post_tag","embeddable":true,"href":"https:\/\/cdnoticias.com\/index.php\/wp-json\/wp\/v2\/tags?post=137851"}],"curies":[{"name":"wp","href":"https:\/\/api.w.org\/{rel}","templated":true}]}}