{"id":137844,"date":"2023-10-27T23:55:27","date_gmt":"2023-10-28T02:55:27","guid":{"rendered":"https:\/\/centraldeportes.com.ar\/?p=44218"},"modified":"2025-02-12T22:34:18","modified_gmt":"2025-02-13T01:34:18","slug":"en-la-previa-del-debut-hubo-presentacion-oficial-en-la-liga-de-futbol","status":"publish","type":"post","link":"https:\/\/cdnoticias.com\/index.php\/2023\/10\/27\/en-la-previa-del-debut-hubo-presentacion-oficial-en-la-liga-de-futbol\/","title":{"rendered":"En la previa del debut, hubo presentaci\u00f3n oficial en la Liga de F\u00fatbol"},"content":{"rendered":"\n<div class=\"wp-block-group is-layout-constrained wp-block-group-is-layout-constrained\">\n<p>Con la presencia de dirigentes liguistas, presidentes y entrenadores de los seis clubes part\u00edcipes, este viernes por la tarde se llev\u00f3 a cabo una conferencia de prensa en la antesala al comienzo del Torneo Regional Amateur.<!--more--><\/p>\n<hr \/>\n<p>A horas para que los seis representantes de la Ciudad den el puntapi\u00e9 inicial en la nueva edici\u00f3n del certamen organizado por el Consejo Federal, <strong>este viernes, a modo de conferencia de prensa, se llev\u00f3 a cabo la presentaci\u00f3n oficial de los equipos<\/strong> en la sala de reuniones de la entidad liguista. La puesta en escena permiti\u00f3 adem\u00e1s contemplar las camisetas que utilizar\u00e1n los elencos en la venidera competencia.<\/p>\n<p>\u00a0<\/p>\n<p>Encabez\u00f3 la reuni\u00f3n <strong>Pablo Palahy<\/strong>, presidente de la Liga de F\u00fatbol de Olavarr\u00eda, quien estuvo acompa\u00f1ado en la mesa por dirigentes y entrenadores de las seis instituciones locales que disputar\u00e1n el torneo: <strong>Racing, Embajadores, Municipales, El Fort\u00edn, Estudiantes y Ferro Carril Sud<\/strong>.<\/p>\n<p>\u00a0<\/p>\n<p>Por el lado del \u201cCarbonero\u201d, habl\u00f3 su dirigente principal, <strong>Roberto Vidal<\/strong>: \u201c<em>Le deseo lo mejor a los cuerpos t\u00e9cnicos, principalmente a mis jugadores y que sea una fiesta del f\u00fatbol<\/em>\u201d, vaticin\u00f3. El DT, <strong>Miguel Diorio<\/strong>, le agradeci\u00f3 a la gente de Ferro y subray\u00f3 que \u201c<em>es mi tercer Regional. Estoy orgulloso y feliz, le deseo lo mejor a cada uno de los clubes<\/em>\u201d.<\/p>\n<p>\u00a0<\/p>\n<p>En representaci\u00f3n del Club Estudiantes estuvo <strong>Carola Patan\u00e9<\/strong>: \u201c<em>Tenemos un proyecto integral y es un orgullo que Estudiantes pueda estar en el Federal<\/em>\u201d, dijo. A su vez, <strong>Mauricio Peralta<\/strong> agradeci\u00f3 una vez m\u00e1s a la instituci\u00f3n y se manifest\u00f3 \u201c<em>con las mejores sensaciones, tratando de dar el m\u00e1ximo para llegar lo m\u00e1s lejos posible<\/em>\u201d.<\/p>\n<p>\u00a0<\/p>\n<p>[soliloquy id=&#8221;44225&#8243;]<\/p>\n<p>\u00a0<\/p>\n<p>Uno de los representantes de la Zona 8 de la Pampeana Sur ser\u00e1 El Fort\u00edn: \u201cEl orgullo es doble porque pudimos acceder deportivamente. Esto es fruto del trabajo mancomunado de todo el f\u00fatbol dentro del club\u201d, recalc\u00f3 <strong>Leandro Lanceta<\/strong>. En paralelo, el t\u00e9cnico <strong>Fabricio Torres<\/strong> se mostr\u00f3 \u201ccontento porque en Olavarr\u00eda se est\u00e1n haciendo bien las cosas futbol\u00edsticamente. Tengo la mejor expectativa para mi club, espero que nos vaya bien\u201d, dese\u00f3.<\/p>\n<p>\u00a0<\/p>\n<p>Uno de los equipos que har\u00e1 su debut en la competencia federal ser\u00e1 Municipales: \u201c<em>Quiero agradecer al cuerpo t\u00e9cnico que se fue y le deseo lo mejor al que lleg\u00f3 como tambi\u00e9n a los jugadores. Esto es una experiencia nueva para nosotros, en muy poquito tiempo estamos jugando un regional y eso es un orgullo<\/em>\u201d, indic\u00f3 uno de los titulares del elenco del sindicato, <strong>Marcelo D\u00edaz<\/strong>. Por su parte, <strong>Gabriel Senzacqua<\/strong> \u2013 flamante DT \u2013 dijo estar \u201c<em>contento que el club haya confiado en m\u00ed. Se nota que el trabajo con empe\u00f1o que se viene realizando, eso me dio tranquilidad para mi labor y el armado del equipo<\/em>\u201d.<\/p>\n<p>\u00a0<\/p>\n<p>El presidente \u201cChaira\u201d, <strong>Mario Giacomaso<\/strong>, sostuvo que \u201c<em>hay que disfrutar el certamen m\u00e1s all\u00e1 de que todos queremos ganar. Es un torneo muy esperado. Ojal\u00e1 el domingo sea una fiesta para el f\u00fatbol de Olavarr\u00eda<\/em>\u201d. A la par, <strong>David Garc\u00eda Lorenzo<\/strong> palpit\u00f3 el duelo contra Embajadores: \u201c<em>Estamos a 48 horas de un gran partido, ojal\u00e1 que gane el mejor, siempre respetando los modos y siendo leal para la victoria<\/em>\u201d, resalt\u00f3.<\/p>\n<p>\u00a0<\/p>\n<p>Por \u00faltimo, habl\u00f3 <strong>Fernando Di Carlo<\/strong>, titular de Embajadoes, y declar\u00f3 que \u201c<em>tenemos la posibilidad de jugar con p\u00fablico visitante y es algo que logramos todos los presidentes en conjunto con la Liga<\/em>\u201d. Adem\u00e1s, en representaci\u00f3n de la parte t\u00e9cnica, estuvo <strong>Daniel Torrisi<\/strong> (Director Deportivo): \u201c<em>Ojal\u00e1 alg\u00fan d\u00eda los clubes de Olavarr\u00eda puedan unirse y apuesten a lo m\u00e1s alto del f\u00fatbol<\/em>\u201d, rescat\u00f3.<\/p>\n<hr \/>\n<ul>\n<li>\n<h6><strong>Cronograma de la 1\u00b0 fecha:<\/strong><\/h6>\n<\/li>\n<\/ul>\n<p>\u00a0<\/p>\n<h6>Zona 10<\/h6>\n<p><strong>Racing \u2013 Embajadores<\/strong><\/p>\n<p>Estadio: Buglione Martinese<\/p>\n<p>Hora: 11:00.<\/p>\n<p>\u00c1rbitro: Lautaro Moyano (Coronel Vidal).<\/p>\n<p>\u00a0<\/p>\n<h6>Zona 8<\/h6>\n<p><strong>Municipales \u2013 El Fort\u00edn<\/strong><\/p>\n<p>Estadio: Clemente Di Carlo (Embajadores)<\/p>\n<p>Hora: 16:00.<\/p>\n<p>\u00c1rbitro: Valent\u00edn Pompei (Olavarr\u00eda).<\/p>\n<p>\u00a0<\/p>\n<h6>Zona 9<\/h6>\n<p><strong>Estudiantes \u2013 Ferro Carril Sud<\/strong><\/p>\n<p>Estadio: Parque Carlos Guerrero.<\/p>\n<p>Hora: 19:00.<\/p>\n<p>\u00c1rbitro: Lisandro Rodr\u00edguez (Olavarr\u00eda).<\/p>\n<\/div>\n","protected":false},"excerpt":{"rendered":"<p>Con la presencia de dirigentes liguistas, presidentes y entrenadores de los seis clubes part\u00edcipes, este viernes por la tarde se<\/p>\n","protected":false},"author":96739694,"featured_media":158358,"comment_status":"closed","ping_status":"closed","sticky":false,"template":"","format":"standard","meta":{"_jetpack_memberships_contains_paid_content":false,"footnotes":""},"categories":[35,1,54],"tags":[],"class_list":["post-137844","post","type-post","status-publish","format-standard","has-post-thumbnail","hentry","category-futbol","category-portada","category-torneo-regional-amateur"],"jetpack_featured_media_url":"https:\/\/i0.wp.com\/cdnoticias.com\/wp-content\/uploads\/2023\/10\/Photo_1698463335282-scaled.jpg?fit=2560%2C1706&ssl=1","jetpack_sharing_enabled":true,"_links":{"self":[{"href":"https:\/\/cdnoticias.com\/index.php\/wp-json\/wp\/v2\/posts\/137844","targetHints":{"allow":["GET"]}}],"collection":[{"href":"https:\/\/cdnoticias.com\/index.php\/wp-json\/wp\/v2\/posts"}],"about":[{"href":"https:\/\/cdnoticias.com\/index.php\/wp-json\/wp\/v2\/types\/post"}],"author":[{"embeddable":true,"href":"https:\/\/cdnoticias.com\/index.php\/wp-json\/wp\/v2\/users\/96739694"}],"replies":[{"embeddable":true,"href":"https:\/\/cdnoticias.com\/index.php\/wp-json\/wp\/v2\/comments?post=137844"}],"version-history":[{"count":0,"href":"https:\/\/cdnoticias.com\/index.php\/wp-json\/wp\/v2\/posts\/137844\/revisions"}],"wp:featuredmedia":[{"embeddable":true,"href":"https:\/\/cdnoticias.com\/index.php\/wp-json\/wp\/v2\/media\/158358"}],"wp:attachment":[{"href":"https:\/\/cdnoticias.com\/index.php\/wp-json\/wp\/v2\/media?parent=137844"}],"wp:term":[{"taxonomy":"category","embeddable":true,"href":"https:\/\/cdnoticias.com\/index.php\/wp-json\/wp\/v2\/categories?post=137844"},{"taxonomy":"post_tag","embeddable":true,"href":"https:\/\/cdnoticias.com\/index.php\/wp-json\/wp\/v2\/tags?post=137844"}],"curies":[{"name":"wp","href":"https:\/\/api.w.org\/{rel}","templated":true}]}}