{"id":137837,"date":"2023-10-26T18:43:40","date_gmt":"2023-10-26T21:43:40","guid":{"rendered":"https:\/\/centraldeportes.com.ar\/?p=44188"},"modified":"2025-02-12T22:34:33","modified_gmt":"2025-02-13T01:34:33","slug":"la-seleccion-sub-15-de-olavarria-comenzo-con-los-entrenamientos","status":"publish","type":"post","link":"https:\/\/cdnoticias.com\/index.php\/2023\/10\/26\/la-seleccion-sub-15-de-olavarria-comenzo-con-los-entrenamientos\/","title":{"rendered":"La Selecci\u00f3n Sub 15 de Olavarr\u00eda comenz\u00f3 con los entrenamientos"},"content":{"rendered":"<p>M\u00e1s cuarenta juveniles convocados se presentaron en el sint\u00e9tico de Embajadores y tuvieron su primera pr\u00e1ctica bajo las \u00f3rdenes de Dardo Seibel.<!--more--><\/p>\n<hr \/>\n<p>En la tarde el \u00faltimo mi\u00e9rcoles, la <strong>Selecci\u00f3n Sub 15 de Olavarr\u00eda<\/strong> inici\u00f3 su primer entrenamiento en conjunto a la espera de futuras competencias.<\/p>\n<p>&nbsp;<\/p>\n<p>Una n\u00f3mina de 41 j\u00f3venes futbolistas provenientes de distintos clubes de la ciudad se presentaron en el sint\u00e9tico del \u201cTete\u201d Di Carlo y llevaron adelante las actividades coordinadas por <strong>Dardo Seibel<\/strong>.<\/p>\n<p>&nbsp;<\/p>\n<p>Tal cual lo hizo la Sub 13 d\u00edas atr\u00e1s, los chicos categor\u00eda 2008 <strong>realizaron trabajos con pelota y posteriormente disputaron un partido<\/strong> en el reducto ubicado en avenida Avellaneda.<\/p>\n<p>&nbsp;<\/p>\n<p><em><strong>Foto: Gentileza de De Rabona.<\/strong><\/em><\/p>\n","protected":false},"excerpt":{"rendered":"<p>M\u00e1s cuarenta juveniles convocados se presentaron en el sint\u00e9tico de Embajadores y tuvieron su primera pr\u00e1ctica bajo las \u00f3rdenes de<\/p>\n","protected":false},"author":96739694,"featured_media":158375,"comment_status":"closed","ping_status":"closed","sticky":false,"template":"","format":"standard","meta":{"_jetpack_memberships_contains_paid_content":false,"footnotes":""},"categories":[35,40,1],"tags":[],"class_list":["post-137837","post","type-post","status-publish","format-standard","has-post-thumbnail","hentry","category-futbol","category-inferiores","category-portada"],"jetpack_featured_media_url":"https:\/\/i0.wp.com\/cdnoticias.com\/wp-content\/uploads\/2023\/10\/Seleccion-Sub-15-de-Olavarria.png?fit=1000%2C666&ssl=1","jetpack_sharing_enabled":true,"_links":{"self":[{"href":"https:\/\/cdnoticias.com\/index.php\/wp-json\/wp\/v2\/posts\/137837","targetHints":{"allow":["GET"]}}],"collection":[{"href":"https:\/\/cdnoticias.com\/index.php\/wp-json\/wp\/v2\/posts"}],"about":[{"href":"https:\/\/cdnoticias.com\/index.php\/wp-json\/wp\/v2\/types\/post"}],"author":[{"embeddable":true,"href":"https:\/\/cdnoticias.com\/index.php\/wp-json\/wp\/v2\/users\/96739694"}],"replies":[{"embeddable":true,"href":"https:\/\/cdnoticias.com\/index.php\/wp-json\/wp\/v2\/comments?post=137837"}],"version-history":[{"count":0,"href":"https:\/\/cdnoticias.com\/index.php\/wp-json\/wp\/v2\/posts\/137837\/revisions"}],"wp:featuredmedia":[{"embeddable":true,"href":"https:\/\/cdnoticias.com\/index.php\/wp-json\/wp\/v2\/media\/158375"}],"wp:attachment":[{"href":"https:\/\/cdnoticias.com\/index.php\/wp-json\/wp\/v2\/media?parent=137837"}],"wp:term":[{"taxonomy":"category","embeddable":true,"href":"https:\/\/cdnoticias.com\/index.php\/wp-json\/wp\/v2\/categories?post=137837"},{"taxonomy":"post_tag","embeddable":true,"href":"https:\/\/cdnoticias.com\/index.php\/wp-json\/wp\/v2\/tags?post=137837"}],"curies":[{"name":"wp","href":"https:\/\/api.w.org\/{rel}","templated":true}]}}