{"id":137836,"date":"2023-10-26T18:31:40","date_gmt":"2023-10-26T21:31:40","guid":{"rendered":"https:\/\/centraldeportes.com.ar\/?p=44183"},"modified":"2025-02-12T22:34:37","modified_gmt":"2025-02-13T01:34:37","slug":"cinco-representantes-del-bataraz-en-la-seleccion-m17-uroba","status":"publish","type":"post","link":"https:\/\/cdnoticias.com\/index.php\/2023\/10\/26\/cinco-representantes-del-bataraz-en-la-seleccion-m17-uroba\/","title":{"rendered":"Cinco representantes del \u201cBataraz\u201d en la Selecci\u00f3n M17 UROBA"},"content":{"rendered":"<p>Se trata de Yamil Drazeta, Pedro D\u2019Alessio, Mateo G\u00f3mez, Armando Beato y Fausto Troia quienes fueron convocados para el equipo M17 de la UROBA que disputa el Campeonato Argentino Juvenil.<!--more--><\/p>\n<hr \/>\n<p>El pasado s\u00e1bado, los olavarrienses comenzaron a disputar el certamen como locales en Jun\u00edn y fue derrota ante San Juan por 23 a 13. Pedro D\u2019Alessio fue el capit\u00e1n del equipo.<\/p>\n<p>&nbsp;<\/p>\n<p>La semana del 28 de octubre jugar\u00e1n ante el Seleccionado de la URNE en Chaco, y, por \u00faltimo, del 3 al 11 de noviembre en Rosario disputar\u00e1n varios partidos.<\/p>\n","protected":false},"excerpt":{"rendered":"<p>Se trata de Yamil Drazeta, Pedro D\u2019Alessio, Mateo G\u00f3mez, Armando Beato y Fausto Troia quienes fueron convocados para el equipo<\/p>\n","protected":false},"author":96739694,"featured_media":158379,"comment_status":"closed","ping_status":"closed","sticky":false,"template":"","format":"standard","meta":{"_jetpack_memberships_contains_paid_content":false,"footnotes":""},"categories":[30,1],"tags":[],"class_list":["post-137836","post","type-post","status-publish","format-standard","has-post-thumbnail","hentry","category-polideportivo","category-portada"],"jetpack_featured_media_url":"https:\/\/i0.wp.com\/cdnoticias.com\/wp-content\/uploads\/2023\/10\/392932253_830812612382765_8879907378963446137_n-e1698344007417.jpg?fit=526%2C315&ssl=1","jetpack_sharing_enabled":true,"_links":{"self":[{"href":"https:\/\/cdnoticias.com\/index.php\/wp-json\/wp\/v2\/posts\/137836","targetHints":{"allow":["GET"]}}],"collection":[{"href":"https:\/\/cdnoticias.com\/index.php\/wp-json\/wp\/v2\/posts"}],"about":[{"href":"https:\/\/cdnoticias.com\/index.php\/wp-json\/wp\/v2\/types\/post"}],"author":[{"embeddable":true,"href":"https:\/\/cdnoticias.com\/index.php\/wp-json\/wp\/v2\/users\/96739694"}],"replies":[{"embeddable":true,"href":"https:\/\/cdnoticias.com\/index.php\/wp-json\/wp\/v2\/comments?post=137836"}],"version-history":[{"count":0,"href":"https:\/\/cdnoticias.com\/index.php\/wp-json\/wp\/v2\/posts\/137836\/revisions"}],"wp:featuredmedia":[{"embeddable":true,"href":"https:\/\/cdnoticias.com\/index.php\/wp-json\/wp\/v2\/media\/158379"}],"wp:attachment":[{"href":"https:\/\/cdnoticias.com\/index.php\/wp-json\/wp\/v2\/media?parent=137836"}],"wp:term":[{"taxonomy":"category","embeddable":true,"href":"https:\/\/cdnoticias.com\/index.php\/wp-json\/wp\/v2\/categories?post=137836"},{"taxonomy":"post_tag","embeddable":true,"href":"https:\/\/cdnoticias.com\/index.php\/wp-json\/wp\/v2\/tags?post=137836"}],"curies":[{"name":"wp","href":"https:\/\/api.w.org\/{rel}","templated":true}]}}