{"id":137830,"date":"2023-10-25T19:38:58","date_gmt":"2023-10-25T22:38:58","guid":{"rendered":"https:\/\/centraldeportes.com.ar\/?p=44147"},"modified":"2025-02-12T22:34:53","modified_gmt":"2025-02-13T01:34:53","slug":"las-inferiores-del-femenino-en-dos-categorias-finalizaron-la-etapa-regular","status":"publish","type":"post","link":"https:\/\/cdnoticias.com\/index.php\/2023\/10\/25\/las-inferiores-del-femenino-en-dos-categorias-finalizaron-la-etapa-regular\/","title":{"rendered":"Las Inferiores del femenino, en dos categor\u00edas, finalizaron la etapa regular"},"content":{"rendered":"<p>El pasado s\u00e1bado, las divisiones Sub 14 y Sub 16 del femenino local cumplieron con los reprogramados de la 10\u00b0 fecha y quedaron definidos los cruces de Play-Off. A su vez, en Sub 12, se disput\u00f3 la und\u00e9cima cita.<!--more--><\/p>\n<hr \/>\n<p>Las <strong>divisiones juveniles del f\u00fatbol femenino<\/strong> de Olavarr\u00eda retomaron las acciones luego de los incidentes ocurridos el pasado 14 de octubre y finalizaron la \u00faltima fecha de la fase regular del Torneo Clausura.<\/p>\n<p>&nbsp;<\/p>\n<p>Con toda la actividad concentrada el \u00faltimo s\u00e1bado en el Pedro Iriart Legorburu, las dos categor\u00edas m\u00e1s grandes recuperaron los duelos reprogramados, mientras que la Sub 12 celebr\u00f3 la und\u00e9cima cita del campeonato.<\/p>\n<p>&nbsp;<\/p>\n<p>Adem\u00e1s, quedaron definidos los enfrentamientos de Play-Off siendo <strong>Racing<\/strong> el equipo mejor ubicado en Sub 16 y <strong>Municipales<\/strong> en Sub 14.<\/p>\n<p>&nbsp;<\/p>\n<ul>\n<li>\n<h6><strong>Resultados de la 10\u00b0 fecha (reprogramados):<\/strong><\/h6>\n<\/li>\n<\/ul>\n<p>&nbsp;<\/p>\n<h6>Sub 16<\/h6>\n<p>Ferro Carril Sud <strong>4 \u2013 0<\/strong> El Fort\u00edn<\/p>\n<p>Estudiantes <strong>0 \u2013 0<\/strong> Municipales (<strong>Suspendido por lluvia a 10 minutos para finalizar<\/strong>)<\/p>\n<p>&nbsp;<\/p>\n<h6>Sub 14<\/h6>\n<p>Municipales <strong>1 \u2013 0<\/strong> Embajadores<\/p>\n<p>Sierra Chica <strong>1 \u2013 0<\/strong> Racing<\/p>\n<p>Estudiantes <strong>1 \u2013 1<\/strong> El Fort\u00edn<\/p>\n<p>&nbsp;<\/p>\n<h6>Sub 12 \u2013 Fecha 11:<\/h6>\n<p>El Fort\u00edn<strong> 1 \u2013 2<\/strong> Estudiantes<\/p>\n<p>Ferro Carril Sud <strong>0 \u2013 0<\/strong> Sierra Chica<\/p>\n<p>Racing Blanco <strong>0 \u2013 2<\/strong> Racing Azul<\/p>\n<p>Embajadores <strong>3 \u2013 1<\/strong> Municipales<\/p>\n<hr \/>\n<ul>\n<li>\n<h6><strong>Cruces de Play-Off:<\/strong><\/h6>\n<\/li>\n<\/ul>\n<p>&nbsp;<\/p>\n<h6>Sub 16<\/h6>\n<p>Municipales \u2013 El Fort\u00edn<\/p>\n<p>Estudiantes \u2013 Ferro Carril Sud<\/p>\n<p>&nbsp;<\/p>\n<h6>Sub 14<\/h6>\n<p>Municipales \u2013 El Fort\u00edn<\/p>\n<p>Sierra Chica \u2013 Embajadores<\/p>\n<p>Estudiantes \u2013 Racing<\/p>\n<p>&nbsp;<\/p>\n<p><em><strong>Foto: Prensa CAE.<\/strong><\/em><\/p>\n","protected":false},"excerpt":{"rendered":"<p>El pasado s\u00e1bado, las divisiones Sub 14 y Sub 16 del femenino local cumplieron con los reprogramados de la 10\u00b0<\/p>\n","protected":false},"author":96739694,"featured_media":158394,"comment_status":"closed","ping_status":"closed","sticky":false,"template":"","format":"standard","meta":{"_jetpack_memberships_contains_paid_content":false,"footnotes":""},"categories":[47,40,1],"tags":[],"class_list":["post-137830","post","type-post","status-publish","format-standard","has-post-thumbnail","hentry","category-femenino","category-inferiores","category-portada"],"jetpack_featured_media_url":"https:\/\/i0.wp.com\/cdnoticias.com\/wp-content\/uploads\/2023\/10\/Femenino-CAE-Sub16-e1698273472993.jpeg?fit=1200%2C808&ssl=1","jetpack_sharing_enabled":true,"_links":{"self":[{"href":"https:\/\/cdnoticias.com\/index.php\/wp-json\/wp\/v2\/posts\/137830","targetHints":{"allow":["GET"]}}],"collection":[{"href":"https:\/\/cdnoticias.com\/index.php\/wp-json\/wp\/v2\/posts"}],"about":[{"href":"https:\/\/cdnoticias.com\/index.php\/wp-json\/wp\/v2\/types\/post"}],"author":[{"embeddable":true,"href":"https:\/\/cdnoticias.com\/index.php\/wp-json\/wp\/v2\/users\/96739694"}],"replies":[{"embeddable":true,"href":"https:\/\/cdnoticias.com\/index.php\/wp-json\/wp\/v2\/comments?post=137830"}],"version-history":[{"count":0,"href":"https:\/\/cdnoticias.com\/index.php\/wp-json\/wp\/v2\/posts\/137830\/revisions"}],"wp:featuredmedia":[{"embeddable":true,"href":"https:\/\/cdnoticias.com\/index.php\/wp-json\/wp\/v2\/media\/158394"}],"wp:attachment":[{"href":"https:\/\/cdnoticias.com\/index.php\/wp-json\/wp\/v2\/media?parent=137830"}],"wp:term":[{"taxonomy":"category","embeddable":true,"href":"https:\/\/cdnoticias.com\/index.php\/wp-json\/wp\/v2\/categories?post=137830"},{"taxonomy":"post_tag","embeddable":true,"href":"https:\/\/cdnoticias.com\/index.php\/wp-json\/wp\/v2\/tags?post=137830"}],"curies":[{"name":"wp","href":"https:\/\/api.w.org\/{rel}","templated":true}]}}