{"id":13782,"date":"2021-02-15T09:29:26","date_gmt":"2021-02-15T12:29:26","guid":{"rendered":"http:\/\/www.centraldenoticias.com.ar\/?p=13782"},"modified":"2021-02-15T10:52:37","modified_gmt":"2021-02-15T13:52:37","slug":"olavarria-adhirio-al-duelo-por-el-fallecimiento-de-menem","status":"publish","type":"post","link":"https:\/\/cdnoticias.com\/index.php\/2021\/02\/15\/olavarria-adhirio-al-duelo-por-el-fallecimiento-de-menem\/","title":{"rendered":"Olavarr\u00eda adhiri\u00f3 al duelo por el fallecimiento de Menem"},"content":{"rendered":"<p>\u201cMerece el reconocimiento sincero de todo el pueblo argentino\u201d consider\u00f3 la Municipalidad al adherir al decreto nacional. La bandera estar\u00e1 a media asta.<!--more--><\/p>\n<hr \/>\n<p><strong>La Municipalidad de Olavarr\u00eda adhiri\u00f3 al duelo decretado por el Gobierno Nacional por el fallecimiento del ex Presidente de la Naci\u00f3n Carlos Sa\u00fal Menem<\/strong>.<\/p>\n<p>En la ma\u00f1ana de este lunes se dio a conocer el <strong>decreto 626\/21<\/strong> del Ejecutivo municipal que dispuso el duelo local por \u201clos d\u00edas 14, 15 y 16 de febrero de 2021\u201d durante los cuales la bandera \u201cpermanecer\u00e1 a media asta en todos los edificios p\u00fablicos\u201d.<\/p>\n<p>En los considerandos de la medida se destac\u00f3 que Menem <strong>\u201ctuvo una larga carrera pol\u00edtica<\/strong>, en diversos cargos p\u00fablicos, siendo el m\u00e1s importante para los argentinos el de ser el Presidente de la Naci\u00f3n entre los a\u00f1os 1989 y 1999\u201d, adem\u00e1s de se\u00f1alar sus mandatos al frente de la Gobernaci\u00f3n de La Rioja.<\/p>\n<p><img data-recalc-dims=\"1\" loading=\"lazy\" decoding=\"async\" class=\"aligncenter wp-image-13748\" src=\"https:\/\/i0.wp.com\/cdnoticias.com\/wp-content\/uploads\/2021\/02\/60293dd6642b0_1004x565.jpg?resize=600%2C338&#038;ssl=1\" alt=\"\" width=\"600\" height=\"338\" srcset=\"https:\/\/i0.wp.com\/cdnoticias.com\/wp-content\/uploads\/2021\/02\/60293dd6642b0_1004x565.jpg?resize=300%2C169&amp;ssl=1 300w, https:\/\/i0.wp.com\/cdnoticias.com\/wp-content\/uploads\/2021\/02\/60293dd6642b0_1004x565.jpg?resize=768%2C432&amp;ssl=1 768w, https:\/\/i0.wp.com\/cdnoticias.com\/wp-content\/uploads\/2021\/02\/60293dd6642b0_1004x565.jpg?w=1004&amp;ssl=1 1004w\" sizes=\"auto, (max-width: 600px) 100vw, 600px\" \/><\/p>\n<p><strong>\u201cMerece el reconocimiento sincero de todo el pueblo argentino\u201d<\/strong> se indic\u00f3 en el decreto municipal para agregar que \u201cse impone a este Gobierno Municipal ser quien manifieste y acompa\u00f1e en nombre de la comunidad de Olavarr\u00eda este sentir adhiri\u00e9ndose al homenaje que con profundo respeto y dolor le profesa la ciudadan\u00eda toda\u201d.<\/p>\n<p><a href=\"https:\/\/cdnoticias.com\/index.php\/2021\/02\/14\/a-los-90-murio-el-ex-presidente-carlos-menem\/\" target=\"_blank\" rel=\"noopener\">Carlos Sa\u00fal Menem falleci\u00f3 este lunes<\/a>. El actual senador, de 90 a\u00f1os, estaba internado desde hac\u00eda varias semanas por una afecci\u00f3n de salud.<\/p>\n","protected":false},"excerpt":{"rendered":"<p>\u201cMerece el reconocimiento sincero de todo el pueblo argentino\u201d consider\u00f3 la Municipalidad al adherir al decreto nacional. La bandera estar\u00e1<\/p>\n","protected":false},"author":4,"featured_media":5141,"comment_status":"closed","ping_status":"closed","sticky":false,"template":"","format":"standard","meta":{"_jetpack_memberships_contains_paid_content":false,"footnotes":""},"categories":[5,1],"tags":[],"class_list":["post-13782","post","type-post","status-publish","format-standard","has-post-thumbnail","hentry","category-informacion-general","category-portada"],"jetpack_featured_media_url":"https:\/\/i0.wp.com\/cdnoticias.com\/wp-content\/uploads\/2020\/10\/Palacio-general.jpg?fit=4608%2C3072&ssl=1","jetpack_sharing_enabled":true,"_links":{"self":[{"href":"https:\/\/cdnoticias.com\/index.php\/wp-json\/wp\/v2\/posts\/13782","targetHints":{"allow":["GET"]}}],"collection":[{"href":"https:\/\/cdnoticias.com\/index.php\/wp-json\/wp\/v2\/posts"}],"about":[{"href":"https:\/\/cdnoticias.com\/index.php\/wp-json\/wp\/v2\/types\/post"}],"author":[{"embeddable":true,"href":"https:\/\/cdnoticias.com\/index.php\/wp-json\/wp\/v2\/users\/4"}],"replies":[{"embeddable":true,"href":"https:\/\/cdnoticias.com\/index.php\/wp-json\/wp\/v2\/comments?post=13782"}],"version-history":[{"count":0,"href":"https:\/\/cdnoticias.com\/index.php\/wp-json\/wp\/v2\/posts\/13782\/revisions"}],"wp:featuredmedia":[{"embeddable":true,"href":"https:\/\/cdnoticias.com\/index.php\/wp-json\/wp\/v2\/media\/5141"}],"wp:attachment":[{"href":"https:\/\/cdnoticias.com\/index.php\/wp-json\/wp\/v2\/media?parent=13782"}],"wp:term":[{"taxonomy":"category","embeddable":true,"href":"https:\/\/cdnoticias.com\/index.php\/wp-json\/wp\/v2\/categories?post=13782"},{"taxonomy":"post_tag","embeddable":true,"href":"https:\/\/cdnoticias.com\/index.php\/wp-json\/wp\/v2\/tags?post=13782"}],"curies":[{"name":"wp","href":"https:\/\/api.w.org\/{rel}","templated":true}]}}