{"id":137816,"date":"2023-10-23T19:54:43","date_gmt":"2023-10-23T22:54:43","guid":{"rendered":"https:\/\/centraldeportes.com.ar\/?p=44059"},"modified":"2025-02-12T22:32:06","modified_gmt":"2025-02-13T01:32:06","slug":"seria-muy-lindo-volver-a-posicionar-al-club-en-las-primeras-planas-del-futbol","status":"publish","type":"post","link":"https:\/\/cdnoticias.com\/index.php\/2023\/10\/23\/seria-muy-lindo-volver-a-posicionar-al-club-en-las-primeras-planas-del-futbol\/","title":{"rendered":"\u201cSer\u00eda muy lindo volver a posicionar al club en las primeras planas del f\u00fatbol\u201d"},"content":{"rendered":"<p>Fue una de las frases que dej\u00f3 Eduardo Scaserra en una entrevista exclusiva concedida a Solo Ascenso. El volante regres\u00f3 a Racing para disputar el inminente Torneo Regional Amateur.<!--more--><\/p>\n<hr \/>\n<p>El <strong>\u201cChaira\u201d<\/strong>, al igual que los dem\u00e1s cinco clubes olavarrienses, se prepara para la nueva edici\u00f3n del certamen gestionado por el Consejo Federal que dar\u00e1 inicio el pr\u00f3ximo <strong>domingo 29 de octubre<\/strong>.<\/p>\n<p>&nbsp;<\/p>\n<p>Uno de sus refuerzos para la competencia es <strong>Eduardo Scaserra<\/strong>, quien retorn\u00f3 a la entidad de \u201cLa Estrellita\u201d proveniente de C\u00edrculo Deportivo y habl\u00f3 en exclusiva con <strong>Solo Ascenso<\/strong> al respecto.<\/p>\n<p>&nbsp;<\/p>\n<p>\u201c<em><strong>Es un desaf\u00edo muy grande para una competencia muy exigente<\/strong>, conociendo que son muchos los equipos que se preparan para este momento. <strong>Estoy contento de poder jugarlo en un equipo al quiero mucho<\/strong><\/em>\u201d, sostuvo el volante en primer t\u00e9rmino.<\/p>\n<p>&nbsp;<\/p>\n<p>Adem\u00e1s, cont\u00f3 que varios clubes se interesaron por \u00e9l, pero \u201c<em>el factor emocional jug\u00f3 un factor importante, porque <strong>es el club que me permiti\u00f3 dar mis primeros pasos en los torneos federales<\/strong><\/em>\u201d. Tambi\u00e9n detall\u00f3 los buenos momentos con el \u201cChaira\u201d: \u201c<strong><em>Siempre he recibido mucho cari\u00f1o de la gente, sumado a conocer al \u201cChueco\u201d Garc\u00eda Lorenzo, con quien fui compa\u00f1ero, y tambi\u00e9n, al presidente, Mario Giacomaso que me present\u00f3 un proyecto serio<\/em><\/strong>\u201d.<\/p>\n<p>&nbsp;<\/p>\n<p>Por su parte, el ex Villa Mitre y Ciudad de Bol\u00edvar manifest\u00f3 que la instituci\u00f3n \u201c<strong><em>tiene una relevancia nacional<\/em><\/strong>\u201d y que \u201c<strong><em>ser\u00eda muy lindo poder volver a posicionarlo en las primeras planas del f\u00fatbol argentino<\/em><\/strong>\u201d. A su vez, prosigui\u00f3: \u201c<em>Conozco a varios de los chicos, s\u00e9 que <strong>son buena gente y un grupo unido, eso va a ser fundamental<\/strong>. Conf\u00edo mucho en los grupos que est\u00e1n convencidos en alcanzar el objetivo, desde ah\u00ed todo puede resultar mejor<\/em>\u201d, finaliz\u00f3.<\/p>\n<p>&nbsp;<\/p>\n<p><em><strong>Fuente: Solo Ascenso.<\/strong><\/em><\/p>\n","protected":false},"excerpt":{"rendered":"<p>Fue una de las frases que dej\u00f3 Eduardo Scaserra en una entrevista exclusiva concedida a Solo Ascenso. El volante regres\u00f3<\/p>\n","protected":false},"author":96739694,"featured_media":158307,"comment_status":"closed","ping_status":"closed","sticky":false,"template":"","format":"standard","meta":{"_jetpack_memberships_contains_paid_content":false,"footnotes":""},"categories":[35,1,54],"tags":[],"class_list":["post-137816","post","type-post","status-publish","format-standard","has-post-thumbnail","hentry","category-futbol","category-portada","category-torneo-regional-amateur"],"jetpack_featured_media_url":"https:\/\/i0.wp.com\/cdnoticias.com\/wp-content\/uploads\/2023\/10\/Eduardo-Scaserra-Racing-e1698101661105.jpg?fit=720%2C450&ssl=1","jetpack_sharing_enabled":true,"_links":{"self":[{"href":"https:\/\/cdnoticias.com\/index.php\/wp-json\/wp\/v2\/posts\/137816","targetHints":{"allow":["GET"]}}],"collection":[{"href":"https:\/\/cdnoticias.com\/index.php\/wp-json\/wp\/v2\/posts"}],"about":[{"href":"https:\/\/cdnoticias.com\/index.php\/wp-json\/wp\/v2\/types\/post"}],"author":[{"embeddable":true,"href":"https:\/\/cdnoticias.com\/index.php\/wp-json\/wp\/v2\/users\/96739694"}],"replies":[{"embeddable":true,"href":"https:\/\/cdnoticias.com\/index.php\/wp-json\/wp\/v2\/comments?post=137816"}],"version-history":[{"count":0,"href":"https:\/\/cdnoticias.com\/index.php\/wp-json\/wp\/v2\/posts\/137816\/revisions"}],"wp:featuredmedia":[{"embeddable":true,"href":"https:\/\/cdnoticias.com\/index.php\/wp-json\/wp\/v2\/media\/158307"}],"wp:attachment":[{"href":"https:\/\/cdnoticias.com\/index.php\/wp-json\/wp\/v2\/media?parent=137816"}],"wp:term":[{"taxonomy":"category","embeddable":true,"href":"https:\/\/cdnoticias.com\/index.php\/wp-json\/wp\/v2\/categories?post=137816"},{"taxonomy":"post_tag","embeddable":true,"href":"https:\/\/cdnoticias.com\/index.php\/wp-json\/wp\/v2\/tags?post=137816"}],"curies":[{"name":"wp","href":"https:\/\/api.w.org\/{rel}","templated":true}]}}