{"id":137815,"date":"2023-10-23T18:39:45","date_gmt":"2023-10-23T21:39:45","guid":{"rendered":"https:\/\/centraldeportes.com.ar\/?p=44050"},"modified":"2025-02-12T22:32:07","modified_gmt":"2025-02-13T01:32:07","slug":"sin-chingotto-la-seleccion-argentina-de-padel-se-corono-campeon-del-panamericano","status":"publish","type":"post","link":"https:\/\/cdnoticias.com\/index.php\/2023\/10\/23\/sin-chingotto-la-seleccion-argentina-de-padel-se-corono-campeon-del-panamericano\/","title":{"rendered":"Sin Chingotto, la Selecci\u00f3n Argentina de P\u00e1del se coron\u00f3 campe\u00f3n del Panamericano"},"content":{"rendered":"<p>En una re\u00f1ida definici\u00f3n, el combinado nacional venci\u00f3 a Brasil en el \u00faltimo punto de la serie y logr\u00f3 retener la corona internacional. Por cuestiones de organizaci\u00f3n, el olavarriense no pudo desempe\u00f1arse en el 20&#215;10.<!--more--><\/p>\n<hr \/>\n<p>La <strong>Selecci\u00f3n Argentina de P\u00e1del<\/strong> volvi\u00f3 a pisar fuerte en el plano internacional ya que en la madrugada de este lunes, en la rama masculina, <strong>venci\u00f3 a Brasil en la final y se consagr\u00f3 campe\u00f3n del quinto Panamericano Absoluto<\/strong> celebrado en la capital venezolana.<\/p>\n<p>&nbsp;<\/p>\n<p>No obstante, por un cambio de horario en la programaci\u00f3n,<strong> Federico Chingotto<\/strong> <strong>no pudo competir en la definici\u00f3n<\/strong>, pero form\u00f3 parte del Seleccionado vencedor. Es que \u201cChingo\u201d deb\u00eda emprender vuelo a Espa\u00f1a para su compromiso por World Padel Tour en Menorca.<\/p>\n<p>&nbsp;<\/p>\n<p>Las acciones en la alfombra del Parque Cerro Verde fueron muy disputadas y todo se decidi\u00f3 en el \u00faltimo punto de la serie a favor de la \u201cAlbiceleste\u201d. <strong>Fue 2 a 1 en cifras definitivas<\/strong>.<\/p>\n<p>&nbsp;<\/p>\n<p>Comenz\u00f3 arriba Argentina con el triunfo de <strong>\u201cLucho\u201d Capra y Ramiro Moyano 6 \u2013 2 y 6 \u2013 4 a Freitas \u2013 Toccafondo<\/strong>, pero Brasil igual\u00f3 todo en el segundo cotejo con el ajustado triunfo de <strong>Stefano y Joao Flores 6 \u2013 7, 6 \u2013 2 y 7 \u2013 6 sobre Alex Chozas y Miguel Lamperti<\/strong>.<\/p>\n<p>&nbsp;<\/p>\n<p>El \u00faltimo paso al t\u00edtulo qued\u00f3 en manos de<strong> Ignacio De Pascual y Leo Augsburger, quienes se quedaron con un partidazo, vencieron 6 \u2013 7, 7 \u2013 6 y 7 \u2013 6 a Simonatto \u2013 Cunha<\/strong> y le dieron al conjunto nacional el bicampeonato Panamericano.<\/p>\n<p>&nbsp;<\/p>\n<p><em><strong>Foto: Asociaci\u00f3n P\u00e1del Argentino.<\/strong><\/em><\/p>\n","protected":false},"excerpt":{"rendered":"<p>En una re\u00f1ida definici\u00f3n, el combinado nacional venci\u00f3 a Brasil en el \u00faltimo punto de la serie y logr\u00f3 retener<\/p>\n","protected":false},"author":96739694,"featured_media":158309,"comment_status":"closed","ping_status":"closed","sticky":false,"template":"","format":"standard","meta":{"_jetpack_memberships_contains_paid_content":false,"footnotes":""},"categories":[1,55],"tags":[],"class_list":["post-137815","post","type-post","status-publish","format-standard","has-post-thumbnail","hentry","category-portada","category-tenis-padel"],"jetpack_featured_media_url":"https:\/\/i0.wp.com\/cdnoticias.com\/wp-content\/uploads\/2023\/10\/Argentina-campeon-del-Panamericano-de-Padel-de-Venezuela-e1698097118922.jpg?fit=1000%2C608&ssl=1","jetpack_sharing_enabled":true,"_links":{"self":[{"href":"https:\/\/cdnoticias.com\/index.php\/wp-json\/wp\/v2\/posts\/137815","targetHints":{"allow":["GET"]}}],"collection":[{"href":"https:\/\/cdnoticias.com\/index.php\/wp-json\/wp\/v2\/posts"}],"about":[{"href":"https:\/\/cdnoticias.com\/index.php\/wp-json\/wp\/v2\/types\/post"}],"author":[{"embeddable":true,"href":"https:\/\/cdnoticias.com\/index.php\/wp-json\/wp\/v2\/users\/96739694"}],"replies":[{"embeddable":true,"href":"https:\/\/cdnoticias.com\/index.php\/wp-json\/wp\/v2\/comments?post=137815"}],"version-history":[{"count":0,"href":"https:\/\/cdnoticias.com\/index.php\/wp-json\/wp\/v2\/posts\/137815\/revisions"}],"wp:featuredmedia":[{"embeddable":true,"href":"https:\/\/cdnoticias.com\/index.php\/wp-json\/wp\/v2\/media\/158309"}],"wp:attachment":[{"href":"https:\/\/cdnoticias.com\/index.php\/wp-json\/wp\/v2\/media?parent=137815"}],"wp:term":[{"taxonomy":"category","embeddable":true,"href":"https:\/\/cdnoticias.com\/index.php\/wp-json\/wp\/v2\/categories?post=137815"},{"taxonomy":"post_tag","embeddable":true,"href":"https:\/\/cdnoticias.com\/index.php\/wp-json\/wp\/v2\/tags?post=137815"}],"curies":[{"name":"wp","href":"https:\/\/api.w.org\/{rel}","templated":true}]}}