{"id":137811,"date":"2023-10-22T20:27:45","date_gmt":"2023-10-22T23:27:45","guid":{"rendered":"https:\/\/centraldeportes.com.ar\/?p=44037"},"modified":"2025-02-12T22:32:12","modified_gmt":"2025-02-13T01:32:12","slug":"se-puso-en-marcha-el-torneo-oficial-individual-de-bochas","status":"publish","type":"post","link":"https:\/\/cdnoticias.com\/index.php\/2023\/10\/22\/se-puso-en-marcha-el-torneo-oficial-individual-de-bochas\/","title":{"rendered":"Se puso en marcha el Torneo Oficial Individual de Bochas"},"content":{"rendered":"<p>El nuevo certamen organizado por la Asociaci\u00f3n de Bochas de Olavarr\u00eda, en la rama Caballeros, dio inicio durante la \u00faltima semana con una doble fecha disputada.<!--more--><\/p>\n<hr \/>\n<p>Los diez equipos afiliados al ente regulador de las bochas de Olavarr\u00eda dieron el puntapi\u00e9 inicial durante la \u00faltima semana y comenzaron a jugar el <strong>Torneo Oficial Individual de Caballeros<\/strong>.<\/p>\n<p>&nbsp;<\/p>\n<p>Bajo la modalidad<strong> todos contra todos a una sola rueda<\/strong>, el nuevo certamen tuvo acci\u00f3n en varias canchas de la ciudad y ya <strong>tach\u00f3 dos fechas del calendario<\/strong>.<\/p>\n<p>&nbsp;<\/p>\n<ul>\n<li>\n<h6><strong>Resultados:<\/strong><\/h6>\n<\/li>\n<\/ul>\n<p>&nbsp;<\/p>\n<ul>\n<li>\n<h6>Fecha 1<\/h6>\n<\/li>\n<\/ul>\n<p>&nbsp;<\/p>\n<p><strong>Zona A<\/strong><\/p>\n<p>Carlos Galv\u00e1n (Blanca Chica) <strong>3 \u2013 12<\/strong> Jos\u00e9 Marinangelli (La Amistad)<\/p>\n<p>Nahuel Landaverr\u00eda (\u00c1lvaro Barros) <strong>9 \u2013 12<\/strong> Juan Pablo Notararigo (Pueblo Nuevo)<\/p>\n<p>Daniel Serantes (San Mart\u00edn) <strong>12 \u2013 5<\/strong> Rub\u00e9n Giannoni (El Fort\u00edn)<\/p>\n<p>Hugo Gocella (Loma Negra) <strong>15 \u2013 3<\/strong> Ignacio Mapis (Fort\u00edn Tradicionalista)<\/p>\n<p>Carlos G\u00f3mez (Hinojo) <strong>12 \u2013 5<\/strong> Gabriel Mariano (Sierra Chica)<\/p>\n<p>&nbsp;<\/p>\n<p><strong>Zona B<\/strong><\/p>\n<p>Alejandro Lamas (\u00c1lvaro Barros) <strong>7 \u2013 12<\/strong> Ever Hammerschmidt (Pueblo Nuevo)<\/p>\n<p>Ra\u00fal Landoni (Loma Negra) <strong>15 \u2013 3<\/strong> Jerem\u00edas Serantes (Fort\u00edn Tradicionalista)<\/p>\n<p>Emanuel Ruppel (Hinojo) <strong>4 \u2013 12<\/strong> Mart\u00edn Ottogalli (Sierra Chica)<\/p>\n<p>Gast\u00f3n Tisera (San Mart\u00edn) <strong>12 \u2013 7<\/strong> David Miceli (El Fort\u00edn)<\/p>\n<p>Alberto Bonino (Blanca Chica) <strong>0 \u2013 12<\/strong> Mart\u00edn Orradre (La Amistad)<\/p>\n<p>&nbsp;<\/p>\n<ul>\n<li>\n<h6>Fecha 2<\/h6>\n<\/li>\n<\/ul>\n<p>&nbsp;<\/p>\n<p><strong>Zona A<\/strong><\/p>\n<p>Mart\u00edn Ottogalli (Sierra Chica) <strong>6 \u2013 12<\/strong> Carlos Galv\u00e1n (Blanca Chica)<\/p>\n<p>Juan Pablo Notararigo (Pueblo Nuevo) <strong>12 \u2013 7<\/strong> Daniel Serantes (San Mart\u00edn)<\/p>\n<p>Rub\u00e9n Giannoni (El Fort\u00edn) <strong>11 \u2013 12<\/strong> Carlos G\u00f3mez (Hinojo)<\/p>\n<p>Jos\u00e9 Marinangelli (La Amistad) <strong>12 \u2013 5<\/strong> Hugo Gocella (Loma Negra)<\/p>\n<p>Lorenzo Fern\u00e1ndez (Fort\u00edn Tradicionalista) <strong>12 \u2013 4<\/strong> Nahuel Landaverr\u00eda (\u00c1lvaro Barros)<\/p>\n<p>&nbsp;<\/p>\n<p><strong>Zona B<\/strong><\/p>\n<p>Gabriel Mariano (Sierra Chica) <strong>12 \u2013 9<\/strong> Alberto Bonino (Blanca Chica)<\/p>\n<p>Ever Hammerschmidt (Pueblo Nuevo) <strong>12 \u2013 1<\/strong> Gast\u00f3n Tisera (San Mart\u00edn)<\/p>\n<p>David Miceli (El Fort\u00edn) <strong>12 \u2013 3<\/strong> Emanuel Ruppel (Hinojo)<\/p>\n<p>Mart\u00edn Orradre (La Amistad)<strong> 12 \u2013 2<\/strong> Ra\u00fal Landoni (Loma Negra)<\/p>\n<p>Jerem\u00edas Serantes (Fort\u00edn Tradicionalista) <strong>12 \u2013 3<\/strong> Alejandro Lamas (\u00c1lvaro Barros)<\/p>\n<p>&nbsp;<\/p>\n<p><em><strong>Fuente: Diego Clar (Prensa Bochas).<\/strong><\/em><\/p>\n","protected":false},"excerpt":{"rendered":"<p>El nuevo certamen organizado por la Asociaci\u00f3n de Bochas de Olavarr\u00eda, en la rama Caballeros, dio inicio durante la \u00faltima<\/p>\n","protected":false},"author":96739694,"featured_media":158315,"comment_status":"closed","ping_status":"closed","sticky":false,"template":"","format":"standard","meta":{"_jetpack_memberships_contains_paid_content":false,"footnotes":""},"categories":[30,1],"tags":[],"class_list":["post-137811","post","type-post","status-publish","format-standard","has-post-thumbnail","hentry","category-polideportivo","category-portada"],"jetpack_featured_media_url":"https:\/\/i0.wp.com\/cdnoticias.com\/wp-content\/uploads\/2023\/10\/Bochas-Oficial-Individual-1%C2%B0-y-2%C2%B0-fecha-e1698017185115.jpg?fit=1000%2C636&ssl=1","jetpack_sharing_enabled":true,"_links":{"self":[{"href":"https:\/\/cdnoticias.com\/index.php\/wp-json\/wp\/v2\/posts\/137811","targetHints":{"allow":["GET"]}}],"collection":[{"href":"https:\/\/cdnoticias.com\/index.php\/wp-json\/wp\/v2\/posts"}],"about":[{"href":"https:\/\/cdnoticias.com\/index.php\/wp-json\/wp\/v2\/types\/post"}],"author":[{"embeddable":true,"href":"https:\/\/cdnoticias.com\/index.php\/wp-json\/wp\/v2\/users\/96739694"}],"replies":[{"embeddable":true,"href":"https:\/\/cdnoticias.com\/index.php\/wp-json\/wp\/v2\/comments?post=137811"}],"version-history":[{"count":0,"href":"https:\/\/cdnoticias.com\/index.php\/wp-json\/wp\/v2\/posts\/137811\/revisions"}],"wp:featuredmedia":[{"embeddable":true,"href":"https:\/\/cdnoticias.com\/index.php\/wp-json\/wp\/v2\/media\/158315"}],"wp:attachment":[{"href":"https:\/\/cdnoticias.com\/index.php\/wp-json\/wp\/v2\/media?parent=137811"}],"wp:term":[{"taxonomy":"category","embeddable":true,"href":"https:\/\/cdnoticias.com\/index.php\/wp-json\/wp\/v2\/categories?post=137811"},{"taxonomy":"post_tag","embeddable":true,"href":"https:\/\/cdnoticias.com\/index.php\/wp-json\/wp\/v2\/tags?post=137811"}],"curies":[{"name":"wp","href":"https:\/\/api.w.org\/{rel}","templated":true}]}}