{"id":137804,"date":"2023-10-21T15:30:00","date_gmt":"2023-10-21T18:30:00","guid":{"rendered":"https:\/\/centraldeportes.com.ar\/?p=43994"},"modified":"2025-02-12T22:32:24","modified_gmt":"2025-02-13T01:32:24","slug":"juan-dotti-se-nos-escapo-un-punto-importante-pero-la-derrota-sirve-para-aprender","status":"publish","type":"post","link":"https:\/\/cdnoticias.com\/index.php\/2023\/10\/21\/juan-dotti-se-nos-escapo-un-punto-importante-pero-la-derrota-sirve-para-aprender\/","title":{"rendered":"Juan Dotti: \u201cSe nos escap\u00f3 un punto importante, pero la derrota sirve para aprender\u201d"},"content":{"rendered":"<p>El capit\u00e1n de Espigas habl\u00f3 en el post partido contra Ferro y brind\u00f3 sus declaraciones tras lo sucedido en el c\u00e9sped del Domingo Colasurdo. \u201cNos venimos entrenando bien, tenemos un grupo que est\u00e1 muy metido\u201d, destac\u00f3.<!--more--><\/p>\n<hr \/>\n<p>El pasado jueves por la noche, en el arranque de la <strong>10\u00b0 fecha del Torneo Oficial de la LFO<\/strong>, el \u201cCarbonero\u201d <a href=\"https:\/\/cdnoticias.com\/ferro-se-llevo-los-tres-puntos-en-la-agonia-del-partido\/\">venci\u00f3 de manera ag\u00f3nica<\/a> y por la m\u00ednima diferencia a Espigas en su retorno al Domingo Colasurdo.<\/p>\n<p>&nbsp;<\/p>\n<p>\u201c<em>Fue un partido bravo y lo arrancamos muy bien. Quiz\u00e1 <strong>con la expulsi\u00f3n se nos hizo muy cuesta arriba, pero supimos estar ordenados y casi que no nos generaron<\/strong><\/em>\u201d, respondi\u00f3 <strong>Juan Jos\u00e9 Dotti<\/strong> en primer t\u00e9rmino y prosigui\u00f3 en la misma frase: \u201c<em>Lamentablemente en la \u00faltima <strong>se nos escap\u00f3 un punto importante para nosotros porque ven\u00edamos sumando, pero la derrota sirve para aprender<\/strong><\/em>\u201d.<\/p>\n<p>&nbsp;<\/p>\n<p>Tal como lo se\u00f1al\u00f3 su capit\u00e1n, Espigas se exigi\u00f3 el doble desde lo f\u00edsico y supo plantarle cara al conjunto dirigido por Miguel Diorio: \u201c<em><strong>Nos venimos entrenando bien, tenemos un grupo que est\u00e1 muy metido<\/strong>. Estamos en el camino correcto, hay que seguir mejorando y entrenando que los resultados ya van a venir<\/em>\u201d, subray\u00f3 Dotti.<\/p>\n<p>&nbsp;<\/p>\n<p><img data-recalc-dims=\"1\" loading=\"lazy\" decoding=\"async\" class=\"aligncenter size-large wp-image-43944\" src=\"https:\/\/i0.wp.com\/cdnoticias.com\/wp-content\/uploads\/2023\/10\/ferro-espigas-12.jpeg?resize=800%2C533&#038;ssl=1\" alt=\"\" width=\"800\" height=\"533\" \/><\/p>\n<p>&nbsp;<\/p>\n<p>A pesar de la derrota, es para destacar la buena campa\u00f1a que viene haciendo el elenco de \u201cPoroto\u201d Herrera en su primera aparici\u00f3n dentro del certamen liguista: \u201c<strong><em>El Interligas nos cost\u00f3 bastante. Ahora en el local nos supimos acomodar mejor, los resultados se fueron dando y mejoramos los entrenamientos. Es meritorio por todo el trabajo realizado<\/em><\/strong>\u201d, manifest\u00f3 el ex Loma Negra y m\u00e1s tarde agreg\u00f3: \u201c<em><strong>Se viene Racing en la \u00faltima fecha y despu\u00e9s ver que nos toca en los Play-Off, que toque lo que toque<\/strong><\/em>\u201d.<\/p>\n<p>&nbsp;<\/p>\n<p>Dotti, quien viene vistiendo la camiseta \u201cVerdirroja\u201d desde la Divisional B, ha jugado de delantero y, en esta ocasi\u00f3n, lo est\u00e1 haciendo de primer marcador central: \u201c<strong><em>He jugado en muchas posiciones y siempre que me preguntan de qu\u00e9 juego no tengo una respuesta concisa. Me adapto a lo que pide el equipo y los entrenadores donde pueda ayudar m\u00e1s<\/em><\/strong>\u201d, cerr\u00f3.<\/p>\n","protected":false},"excerpt":{"rendered":"<p>El capit\u00e1n de Espigas habl\u00f3 en el post partido contra Ferro y brind\u00f3 sus declaraciones tras lo sucedido en el<\/p>\n","protected":false},"author":96739694,"featured_media":158338,"comment_status":"closed","ping_status":"closed","sticky":false,"template":"","format":"standard","meta":{"_jetpack_memberships_contains_paid_content":false,"footnotes":""},"categories":[35,1,41],"tags":[],"class_list":["post-137804","post","type-post","status-publish","format-standard","has-post-thumbnail","hentry","category-futbol","category-portada","category-primera-y-reserva"],"jetpack_featured_media_url":"https:\/\/i0.wp.com\/cdnoticias.com\/wp-content\/uploads\/2023\/10\/Juan-Dotti-Espigas-e1697912942351.png?fit=997%2C609&ssl=1","jetpack_sharing_enabled":true,"_links":{"self":[{"href":"https:\/\/cdnoticias.com\/index.php\/wp-json\/wp\/v2\/posts\/137804","targetHints":{"allow":["GET"]}}],"collection":[{"href":"https:\/\/cdnoticias.com\/index.php\/wp-json\/wp\/v2\/posts"}],"about":[{"href":"https:\/\/cdnoticias.com\/index.php\/wp-json\/wp\/v2\/types\/post"}],"author":[{"embeddable":true,"href":"https:\/\/cdnoticias.com\/index.php\/wp-json\/wp\/v2\/users\/96739694"}],"replies":[{"embeddable":true,"href":"https:\/\/cdnoticias.com\/index.php\/wp-json\/wp\/v2\/comments?post=137804"}],"version-history":[{"count":0,"href":"https:\/\/cdnoticias.com\/index.php\/wp-json\/wp\/v2\/posts\/137804\/revisions"}],"wp:featuredmedia":[{"embeddable":true,"href":"https:\/\/cdnoticias.com\/index.php\/wp-json\/wp\/v2\/media\/158338"}],"wp:attachment":[{"href":"https:\/\/cdnoticias.com\/index.php\/wp-json\/wp\/v2\/media?parent=137804"}],"wp:term":[{"taxonomy":"category","embeddable":true,"href":"https:\/\/cdnoticias.com\/index.php\/wp-json\/wp\/v2\/categories?post=137804"},{"taxonomy":"post_tag","embeddable":true,"href":"https:\/\/cdnoticias.com\/index.php\/wp-json\/wp\/v2\/tags?post=137804"}],"curies":[{"name":"wp","href":"https:\/\/api.w.org\/{rel}","templated":true}]}}