{"id":137803,"date":"2023-10-21T15:13:56","date_gmt":"2023-10-21T18:13:56","guid":{"rendered":"https:\/\/centraldeportes.com.ar\/?p=43990"},"modified":"2025-02-12T22:32:28","modified_gmt":"2025-02-13T01:32:28","slug":"el-museo-hermanos-emiliozzi-cumplio-10-anos-y-hubo-festejo","status":"publish","type":"post","link":"https:\/\/cdnoticias.com\/index.php\/2023\/10\/21\/el-museo-hermanos-emiliozzi-cumplio-10-anos-y-hubo-festejo\/","title":{"rendered":"El Museo Hermanos Emiliozzi cumpli\u00f3 10 a\u00f1os y hubo festejo"},"content":{"rendered":"<p>El pasado jueves se cumplieron 10 a\u00f1os de la apertura del espacio que recuerda a dos figuras destacadas del deporte olavarriense: Dante y Torcuato Emiliozzi y hubo acto homenaje.<!--more--><\/p>\n<hr \/>\n<p>El 19 de octubre de 2013 se inaugur\u00f3 oficialmente el Museo Municipal de Sitio \u201cHermanos Emiliozzi\u201d, con el objetivo de rendir homenaje a los m\u00e1s grandes deportistas de la historia de Olavarr\u00eda y figuras sobresalientes del Turismo Carretera.<\/p>\n<p>&nbsp;<\/p>\n<p>En el acto aniversario estuvieron presentes la secretaria de Desarrollo Humano y Calidad de Vida Guillermina Amespil, el subsecretario de Cultura y Educaci\u00f3n Bruno Cenizo, la coordinadora del Museo Susana Mart\u00ednez, concejales, directivos del AMCO, integrantes de Autos Antiguos y Autos Cl\u00e1sicos de Olavarr\u00eda, directivos de Escuelas T\u00e9cnicas, Integrantes del Cuartel de Bomberos Voluntarios y alumnos del Desaf\u00edo Eco.<\/p>\n<p>&nbsp;<\/p>\n<p>Susana Mart\u00ednez, la coordinadora del Museo, brind\u00f3 palabras alusivas a la fecha y al trabajo que se realiza en el espacio que fuera \u201cel taller de los Gringos\u201d, que busca transmitir el legado de los Emiliozzi: invenci\u00f3n, pasi\u00f3n, incontables horas de trabajo y esfuerzo, m\u00e1s su proverbial humildad y hombr\u00eda de bien.<\/p>\n<p>&nbsp;<\/p>\n<p>Posteriormente, representantes del AMCO y de Autos Cl\u00e1sicos entregaron placas alusivas a la fecha.<\/p>\n<p>&nbsp;<\/p>\n\n<p>&nbsp;<\/p>\n<p>Por \u00faltimo, Omar Rosini puso en marcha La Galera: el auto original que corrieran en el TC los Gringos Emiliozzi y que hoy es Patrimonio Hist\u00f3rico Cultural de Olavarr\u00eda.<\/p>\n","protected":false},"excerpt":{"rendered":"<p>El pasado jueves se cumplieron 10 a\u00f1os de la apertura del espacio que recuerda a dos figuras destacadas del deporte<\/p>\n","protected":false},"author":96739694,"featured_media":158342,"comment_status":"closed","ping_status":"closed","sticky":false,"template":"","format":"standard","meta":{"_jetpack_memberships_contains_paid_content":false,"footnotes":""},"categories":[34,1],"tags":[],"class_list":["post-137803","post","type-post","status-publish","format-standard","has-post-thumbnail","hentry","category-automovilismo","category-portada"],"jetpack_featured_media_url":"https:\/\/i0.wp.com\/cdnoticias.com\/wp-content\/uploads\/2023\/10\/Cultura-10-Aniversario-Museo-Hnos-Emiliozzi-2-scaled-1.jpg?fit=2560%2C1711&ssl=1","jetpack_sharing_enabled":true,"_links":{"self":[{"href":"https:\/\/cdnoticias.com\/index.php\/wp-json\/wp\/v2\/posts\/137803","targetHints":{"allow":["GET"]}}],"collection":[{"href":"https:\/\/cdnoticias.com\/index.php\/wp-json\/wp\/v2\/posts"}],"about":[{"href":"https:\/\/cdnoticias.com\/index.php\/wp-json\/wp\/v2\/types\/post"}],"author":[{"embeddable":true,"href":"https:\/\/cdnoticias.com\/index.php\/wp-json\/wp\/v2\/users\/96739694"}],"replies":[{"embeddable":true,"href":"https:\/\/cdnoticias.com\/index.php\/wp-json\/wp\/v2\/comments?post=137803"}],"version-history":[{"count":0,"href":"https:\/\/cdnoticias.com\/index.php\/wp-json\/wp\/v2\/posts\/137803\/revisions"}],"wp:featuredmedia":[{"embeddable":true,"href":"https:\/\/cdnoticias.com\/index.php\/wp-json\/wp\/v2\/media\/158342"}],"wp:attachment":[{"href":"https:\/\/cdnoticias.com\/index.php\/wp-json\/wp\/v2\/media?parent=137803"}],"wp:term":[{"taxonomy":"category","embeddable":true,"href":"https:\/\/cdnoticias.com\/index.php\/wp-json\/wp\/v2\/categories?post=137803"},{"taxonomy":"post_tag","embeddable":true,"href":"https:\/\/cdnoticias.com\/index.php\/wp-json\/wp\/v2\/tags?post=137803"}],"curies":[{"name":"wp","href":"https:\/\/api.w.org\/{rel}","templated":true}]}}