{"id":137797,"date":"2023-10-20T19:17:38","date_gmt":"2023-10-20T22:17:38","guid":{"rendered":"https:\/\/centraldeportes.com.ar\/?p=43960"},"modified":"2025-02-12T22:30:23","modified_gmt":"2025-02-13T01:30:23","slug":"gimnastas-olavarrienses-con-medallas-en-un-torneo-regional","status":"publish","type":"post","link":"https:\/\/cdnoticias.com\/index.php\/2023\/10\/20\/gimnastas-olavarrienses-con-medallas-en-un-torneo-regional\/","title":{"rendered":"Gimnastas olavarrienses con medallas en un Torneo Regional"},"content":{"rendered":"<p>Gimnastas de Vida Boa representaron a la Federaci\u00f3n Bonaerense de Gimnasia en un Torneo Regional y lograron destacados resultados.<!--more--><\/p>\n<hr \/>\n<p>En La Lucila del Mar se llev\u00f3 a cabo un importante certamen de gimnasia art\u00edstica y fue destacada la actuaci\u00f3n de Nahiara Kees, Ludmila Rojas y Micaela Astudillo en representaci\u00f3n de la Federaci\u00f3n Bonaerense de Gimnasia.<\/p>\n<p>&nbsp;<\/p>\n<p>Las olavarrienses que llegaron al certamen dentro de las 12 mejores deportistas bonaerenses se enfrentaron a Santa Fe y C\u00f3rdoba en el Centro de Alto rendimiento de Gimnasia Art\u00edstica y junto con el equipo lograron la consagraci\u00f3n en la sumatoria de puntos.<\/p>\n<p>&nbsp;<\/p>\n<p>En lo que respecta a la actuaci\u00f3n olavarriense, Nahiara Kees se consagr\u00f3 Subcampeona en la sumatoria de los 4 aparatos, fue medalla de bronce en Viga, subcampeona de Suelo y campeona en Barras Asim\u00e9tricas en la categor\u00eda Juvenil. Adem\u00e1s, Ludmila Rojas obtuvo el 11\u00b0 lugar.<\/p>\n<p>&nbsp;<\/p>\n<p>En la categor\u00eda Mayores, Micaela Astudillo se consagr\u00f3 subcampeona en Salto y ocup\u00f3 el tercer lugar del podio en all arround.<\/p>\n<p>&nbsp;<\/p>\n<p>Las deportistas estuvieron acompa\u00f1adas por su entrenadora Florencia Miraglia.<\/p>\n","protected":false},"excerpt":{"rendered":"<p>Gimnastas de Vida Boa representaron a la Federaci\u00f3n Bonaerense de Gimnasia en un Torneo Regional y lograron destacados resultados.<\/p>\n","protected":false},"author":96739694,"featured_media":158231,"comment_status":"closed","ping_status":"closed","sticky":false,"template":"","format":"standard","meta":{"_jetpack_memberships_contains_paid_content":false,"footnotes":""},"categories":[30,1],"tags":[],"class_list":["post-137797","post","type-post","status-publish","format-standard","has-post-thumbnail","hentry","category-polideportivo","category-portada"],"jetpack_featured_media_url":"https:\/\/i0.wp.com\/cdnoticias.com\/wp-content\/uploads\/2023\/10\/artistica.png?fit=800%2C445&ssl=1","jetpack_sharing_enabled":true,"_links":{"self":[{"href":"https:\/\/cdnoticias.com\/index.php\/wp-json\/wp\/v2\/posts\/137797","targetHints":{"allow":["GET"]}}],"collection":[{"href":"https:\/\/cdnoticias.com\/index.php\/wp-json\/wp\/v2\/posts"}],"about":[{"href":"https:\/\/cdnoticias.com\/index.php\/wp-json\/wp\/v2\/types\/post"}],"author":[{"embeddable":true,"href":"https:\/\/cdnoticias.com\/index.php\/wp-json\/wp\/v2\/users\/96739694"}],"replies":[{"embeddable":true,"href":"https:\/\/cdnoticias.com\/index.php\/wp-json\/wp\/v2\/comments?post=137797"}],"version-history":[{"count":0,"href":"https:\/\/cdnoticias.com\/index.php\/wp-json\/wp\/v2\/posts\/137797\/revisions"}],"wp:featuredmedia":[{"embeddable":true,"href":"https:\/\/cdnoticias.com\/index.php\/wp-json\/wp\/v2\/media\/158231"}],"wp:attachment":[{"href":"https:\/\/cdnoticias.com\/index.php\/wp-json\/wp\/v2\/media?parent=137797"}],"wp:term":[{"taxonomy":"category","embeddable":true,"href":"https:\/\/cdnoticias.com\/index.php\/wp-json\/wp\/v2\/categories?post=137797"},{"taxonomy":"post_tag","embeddable":true,"href":"https:\/\/cdnoticias.com\/index.php\/wp-json\/wp\/v2\/tags?post=137797"}],"curies":[{"name":"wp","href":"https:\/\/api.w.org\/{rel}","templated":true}]}}