{"id":137794,"date":"2023-10-20T06:29:46","date_gmt":"2023-10-20T09:29:46","guid":{"rendered":"https:\/\/centraldeportes.com.ar\/?p=43947"},"modified":"2025-02-12T22:30:31","modified_gmt":"2025-02-13T01:30:31","slug":"estudiantes-se-alisto-oficialmente-para-el-torneo-regional-amateur","status":"publish","type":"post","link":"https:\/\/cdnoticias.com\/index.php\/2023\/10\/20\/estudiantes-se-alisto-oficialmente-para-el-torneo-regional-amateur\/","title":{"rendered":"Estudiantes se alist\u00f3 oficialmente para el Torneo Regional Amateur"},"content":{"rendered":"<p>A trav\u00e9s de una breve conferencia de prensa, este jueves por la noche, en el SUM de Tenis de la entidad, la Subcomisi\u00f3n de F\u00fatbol \u201cBataraz\u201d present\u00f3 el equipo para la venidera competencia.<!--more--><\/p>\n<hr \/>\n<p>Ante la presencia de padres, cuerpo t\u00e9cnico, jugadores y miembros de la Subcomisi\u00f3n, en la noche de este jueves <strong>Estudiantes present\u00f3 oficialmente el equipo que participar\u00e1 en la pr\u00f3xima edici\u00f3n del Torneo Regional Amateu<\/strong>r.<\/p>\n<p>&nbsp;<\/p>\n<p>Encabezaron la reuni\u00f3n <strong>Mauro Vecchio<\/strong>, presidente de la Subcomisi\u00f3n de F\u00fatbol; <strong>Emmanuel Echeverr\u00eda<\/strong>, Coordinador General; el DT <strong>Mauricio Peralta<\/strong> y <strong>Juli\u00e1n Masson<\/strong>, arquero del elenco \u201cAlbinegro\u201d.<\/p>\n<p>&nbsp;<\/p>\n<p>Vecchio fue el encargado de abrir la breve conferencia llevada adelante en el SUM de Tenis: \u201c<em>Institucionalmente, <strong>lo que hemos tratado de hacer este a\u00f1o es mantener un plantel que va a jugar el torneo m\u00e1s importante y codiciado por todos<\/strong><\/em>\u201d. Adem\u00e1s, coment\u00f3 que: \u201c<em>Dentro de la lista de buena fe de 40 jugadores hay chicos de hasta categor\u00eda 2009, es la formaci\u00f3n de los futuros jugadores que queremos que integren los planteles mayores. <strong>Jugar el Regional Amateur es un orgullo, pero es parte de nuestro proceso<\/strong><\/em>\u201d.<\/p>\n<p>&nbsp;<\/p>\n<p><img data-recalc-dims=\"1\" loading=\"lazy\" decoding=\"async\" class=\"aligncenter size-full wp-image-43949\" src=\"https:\/\/i0.wp.com\/cdnoticias.com\/wp-content\/uploads\/2023\/10\/Presentacion-CAE-Regional-Amateur-2023-24a.jpeg?resize=800%2C530&#038;ssl=1\" alt=\"\" width=\"800\" height=\"530\" \/><\/p>\n<p>&nbsp;<\/p>\n<p>Por su parte, el \u201cChueco\u201d Echeverr\u00eda destac\u00f3 que \u201c<strong><em>el equipo es el mismo, con algunos refuerzos<\/em><\/strong>\u201d y felicit\u00f3 a los jugadores mayores \u201c<em>que entendieron el proyecto y supieron llevar las riendas<\/em>\u201d. Asimismo, ratific\u00f3 que la llegada de Mauricio Peralta \u201c<strong><em>potenci\u00f3 al equipo, pudimos plasmar la idea muy r\u00e1pido y eso es hermoso<\/em><\/strong>\u201d.<\/p>\n<p>&nbsp;<\/p>\n<p>El encargado de la conducci\u00f3n t\u00e9cnica del elenco \u201cBataraz\u201d tom\u00f3 la palabra en consecuencia, agradeci\u00f3 su llegada al club y manifest\u00f3 que \u201c<strong><em>nunca dud\u00e9 de volver, estaba muy convencido del proyecto y estoy donde quiero estar, tratando de dar el m\u00e1ximo siempre<\/em><\/strong>\u201d.<\/p>\n<p>&nbsp;<\/p>\n<p>Asimismo, Peralta sostuvo que: \u201c<strong><em>Tenemos un lindo compromiso por delante con el final del Torneo local y el Regional. Vamos a ser un equipo que est\u00e9 conectado, con sentido de pertenencia y competiremos fuerte<\/em><\/strong>\u201d.<\/p>\n<p>&nbsp;<\/p>\n<p>Por \u00faltimo, Masson fue el encargado de cerrar la reuni\u00f3n y asegur\u00f3 que \u201c<strong><em>vamos a dar lo mejor siempre, quiero agradecer al equipo y a todos los que se han sumado<\/em><\/strong>\u201d.<\/p>\n<p>&nbsp;<\/p>\n<p><em><strong>Fotos: Prensa CAE.<\/strong><\/em><\/p>\n","protected":false},"excerpt":{"rendered":"<p>A trav\u00e9s de una breve conferencia de prensa, este jueves por la noche, en el SUM de Tenis de la<\/p>\n","protected":false},"author":96739694,"featured_media":158241,"comment_status":"closed","ping_status":"closed","sticky":false,"template":"","format":"standard","meta":{"_jetpack_memberships_contains_paid_content":false,"footnotes":""},"categories":[35,1,54],"tags":[],"class_list":["post-137794","post","type-post","status-publish","format-standard","has-post-thumbnail","hentry","category-futbol","category-portada","category-torneo-regional-amateur"],"jetpack_featured_media_url":"https:\/\/i0.wp.com\/cdnoticias.com\/wp-content\/uploads\/2023\/10\/Presentacion-CAE-Regional-Amateur-2023-24.jpeg?fit=1000%2C562&ssl=1","jetpack_sharing_enabled":true,"_links":{"self":[{"href":"https:\/\/cdnoticias.com\/index.php\/wp-json\/wp\/v2\/posts\/137794","targetHints":{"allow":["GET"]}}],"collection":[{"href":"https:\/\/cdnoticias.com\/index.php\/wp-json\/wp\/v2\/posts"}],"about":[{"href":"https:\/\/cdnoticias.com\/index.php\/wp-json\/wp\/v2\/types\/post"}],"author":[{"embeddable":true,"href":"https:\/\/cdnoticias.com\/index.php\/wp-json\/wp\/v2\/users\/96739694"}],"replies":[{"embeddable":true,"href":"https:\/\/cdnoticias.com\/index.php\/wp-json\/wp\/v2\/comments?post=137794"}],"version-history":[{"count":0,"href":"https:\/\/cdnoticias.com\/index.php\/wp-json\/wp\/v2\/posts\/137794\/revisions"}],"wp:featuredmedia":[{"embeddable":true,"href":"https:\/\/cdnoticias.com\/index.php\/wp-json\/wp\/v2\/media\/158241"}],"wp:attachment":[{"href":"https:\/\/cdnoticias.com\/index.php\/wp-json\/wp\/v2\/media?parent=137794"}],"wp:term":[{"taxonomy":"category","embeddable":true,"href":"https:\/\/cdnoticias.com\/index.php\/wp-json\/wp\/v2\/categories?post=137794"},{"taxonomy":"post_tag","embeddable":true,"href":"https:\/\/cdnoticias.com\/index.php\/wp-json\/wp\/v2\/tags?post=137794"}],"curies":[{"name":"wp","href":"https:\/\/api.w.org\/{rel}","templated":true}]}}