{"id":137793,"date":"2023-10-20T06:31:57","date_gmt":"2023-10-20T09:31:57","guid":{"rendered":"https:\/\/centraldeportes.com.ar\/?p=43945"},"modified":"2025-02-12T22:30:30","modified_gmt":"2025-02-13T01:30:30","slug":"ferro-se-llevo-los-tres-puntos-en-la-agonia-del-partido","status":"publish","type":"post","link":"https:\/\/cdnoticias.com\/index.php\/2023\/10\/20\/ferro-se-llevo-los-tres-puntos-en-la-agonia-del-partido\/","title":{"rendered":"Ferro se llev\u00f3 los tres puntos en la agon\u00eda del partido"},"content":{"rendered":"<p>El \u201cCarbonero\u201d, que jug\u00f3 con ventaja num\u00e9rica gran parte del encuentro, lleg\u00f3 al gol sobre el final y venci\u00f3 1 a 0 a Espigas en su vuelta al Domingo Colasurdo.<!--more--><\/p>\n<hr \/>\n<p>La <strong>d\u00e9cima y pen\u00faltima fecha<\/strong> del Torneo Oficial de Primera Divisi\u00f3n y Reserva comenz\u00f3 este jueves por la noche, con el ajustado y ag\u00f3nico triunfo de Ferro en la \u00faltima bola del partido.<\/p>\n<p>&nbsp;<\/p>\n<p><strong>Con gol del juvenil Leonel Lamela, el \u201cCarbonero\u201d derrot\u00f3 1 a 0 a Espigas en su regreso al c\u00e9sped del Domingo Colasurdo<\/strong> y sum\u00f3 tres puntos importantes de cara al posicionamiento final. El \u201cVerdirrojo\u201d jug\u00f3 con diez jugadores desde la media hora de partido por la expulsi\u00f3n a Mat\u00edas Diribarne.<\/p>\n<p>&nbsp;<\/p>\n<ul>\n<li>\n<h6><strong>Detalles del partido<\/strong><\/h6>\n<\/li>\n<\/ul>\n<p>&nbsp;<\/p>\n<p>En el balance general, la primera mitad fue mucho mejor que la segunda en cuanto al ritmo futbol\u00edstico. Ferro tuvo un poco m\u00e1s la posesi\u00f3n, quiz\u00e1 con las ocasiones m\u00e1s claras, pero la paridad rein\u00f3 y por momentos el partido se jug\u00f3 de arco a arco.<\/p>\n<p>&nbsp;<\/p>\n<p>La primera chance peligrosa de los dirigidos por Diorio lleg\u00f3 a los 8\u2019. Fue una buena combinaci\u00f3n entre \u201cPocho\u201d Gargaglione y Blanco, que finaliz\u00f3 Andreu con un tiro en el poste a la altura del segundo palo. Y enseguida en la r\u00e9plica, Lamique prob\u00f3 de media distancia e impact\u00f3 la bola en el travesa\u00f1o a pesar de\u00a0 los esfuerzos de Piecenti.<\/p>\n<p>&nbsp;<\/p>\n<p>[soliloquy id=&#8221;43929&#8243;]<\/p>\n<p>&nbsp;<\/p>\n<p>El marcador sigui\u00f3 sin moverse en los minutos siguientes, aunque el \u201cCarbonero\u201d sigui\u00f3 intentando y a los 31\u2019 gener\u00f3 otra ocasi\u00f3n manifiesta. Garro \u2013 uno de los puntos altos en Ferro \u2013 asisti\u00f3 a Blanco y lo dej\u00f3 mano a mano con Riccobene que respondi\u00f3 excelente y le contuvo la definici\u00f3n al jugador local.<\/p>\n<p>&nbsp;<\/p>\n<p>A la jugada siguiente, los dirigidos por &#8220;Poroto&#8221; Herrera se quedaron con diez por la roja directa a M\u00f3naco Diribarne, pero el equipo no se qued\u00f3 atr\u00e1s, corri\u00f3 el doble y le propuso un partido de igual a igual a Ferro atacando por las bandas.<\/p>\n<p>&nbsp;<\/p>\n<p>En la segunda parte, salvo un tiro de media distancia de Garro (pas\u00f3 al lado del palo derecho) y una buena oportunidad de Torres (ataj\u00f3 Piecenti), no sucedi\u00f3 mucho y el juego se lateraliz\u00f3 demasiado. Casi ni hubo disparos certeros al arco en los minutos siguientes.<\/p>\n<p>&nbsp;<\/p>\n<p>Sin embargo y por razones obvias, Espigas fue sintiendo el desgaste f\u00edsico, se repleg\u00f3 un poco m\u00e1s en su terreno sobre el final del encuentro y cuando todo parec\u00eda un cerrado empate, lleg\u00f3 la ag\u00f3nica apertura del marcador. Corr\u00edan 92\u2019 en el cron\u00f3metro. <strong>All\u00ed, Leonel Lamela \u2013 ingresado minutos antes \u2013 tom\u00f3 un rebote desde la puerta del \u00e1rea, sac\u00f3 un remate llovido que complic\u00f3 al arquero y el bal\u00f3n termin\u00f3 ingresando a cent\u00edmetros del horizontal<\/strong>. Ventaja para el \u201cCarbonero\u201d y triunfo en cifras definitivas en el regreso a su casa.<\/p>\n<p><strong>\u00a0<\/strong><\/p>\n<p><strong>S\u00edntesis Ferro Carril Sud \u2013 Club Social y Deportivo Espigas: \u00a0<\/strong><\/p>\n<p><strong>Ferro (1):<\/strong> Facundo Piecenti; Braian Tello, Enzo Su\u00e1rez, Mateo Tamagnini, Franco Hammerschmidt (L. Lamela); Rodrigo Tolnai (I. G\u00f3mez), Maximiliano Gargaglione, Rodrigo Garro, Juan Manuel Ponce; Hilario Blanco (T. G\u00f3mez) y Thiago Andreu (A. Bali\u00f1o). DT: Miguel Diorio.<\/p>\n<p><strong>Espigas (0): <\/strong>Santiago Riccobene; Mat\u00edas Micheletti, Juan Jos\u00e9 Dotti, Nahuel P\u00e9rez, Bruno Pal; Franco Torres (F. Amoroso), Juan Lamique, Jes\u00fas Pal (S. Lorenzo), Rodrigo Serrano (F. Vivas); Iv\u00e1n Gim\u00e9nez (L. Godoy) y Mat\u00edas Diribarne M\u00f3naco. DT: Daniel Herrera.<\/p>\n<p><strong>Goles<\/strong>: 45m. (+2) ST Leonel Lamela (FCS).<\/p>\n<p><strong>Amonestados<\/strong>: Andreu, Tamagnini, Garro y Tello (Ferro); Serrano y Torres (Espigas).<\/p>\n<p><strong>Expulsados<\/strong>: 31m. PT Mat\u00edas Diribarne M\u00f3naco (E) y 45m. (+4) ST Daniel Herrera \u2013 DT \u2013 (E).<\/p>\n<p><strong>\u00c1rbitro<\/strong>: Nicol\u00e1s Moreno. <strong>Estadio<\/strong>: Domingo F. Colasurdo.<\/p>\n","protected":false},"excerpt":{"rendered":"<p>El \u201cCarbonero\u201d, que jug\u00f3 con ventaja num\u00e9rica gran parte del encuentro, lleg\u00f3 al gol sobre el final y venci\u00f3 1<\/p>\n","protected":false},"author":96739694,"featured_media":158238,"comment_status":"closed","ping_status":"closed","sticky":false,"template":"","format":"standard","meta":{"_jetpack_memberships_contains_paid_content":false,"footnotes":""},"categories":[35,1,41],"tags":[],"class_list":["post-137793","post","type-post","status-publish","format-standard","has-post-thumbnail","hentry","category-futbol","category-portada","category-primera-y-reserva"],"jetpack_featured_media_url":"https:\/\/i0.wp.com\/cdnoticias.com\/wp-content\/uploads\/2023\/10\/ferro-espigas-6.jpeg?fit=1600%2C1066&ssl=1","jetpack_sharing_enabled":true,"_links":{"self":[{"href":"https:\/\/cdnoticias.com\/index.php\/wp-json\/wp\/v2\/posts\/137793","targetHints":{"allow":["GET"]}}],"collection":[{"href":"https:\/\/cdnoticias.com\/index.php\/wp-json\/wp\/v2\/posts"}],"about":[{"href":"https:\/\/cdnoticias.com\/index.php\/wp-json\/wp\/v2\/types\/post"}],"author":[{"embeddable":true,"href":"https:\/\/cdnoticias.com\/index.php\/wp-json\/wp\/v2\/users\/96739694"}],"replies":[{"embeddable":true,"href":"https:\/\/cdnoticias.com\/index.php\/wp-json\/wp\/v2\/comments?post=137793"}],"version-history":[{"count":0,"href":"https:\/\/cdnoticias.com\/index.php\/wp-json\/wp\/v2\/posts\/137793\/revisions"}],"wp:featuredmedia":[{"embeddable":true,"href":"https:\/\/cdnoticias.com\/index.php\/wp-json\/wp\/v2\/media\/158238"}],"wp:attachment":[{"href":"https:\/\/cdnoticias.com\/index.php\/wp-json\/wp\/v2\/media?parent=137793"}],"wp:term":[{"taxonomy":"category","embeddable":true,"href":"https:\/\/cdnoticias.com\/index.php\/wp-json\/wp\/v2\/categories?post=137793"},{"taxonomy":"post_tag","embeddable":true,"href":"https:\/\/cdnoticias.com\/index.php\/wp-json\/wp\/v2\/tags?post=137793"}],"curies":[{"name":"wp","href":"https:\/\/api.w.org\/{rel}","templated":true}]}}