{"id":137790,"date":"2023-10-19T18:39:04","date_gmt":"2023-10-19T21:39:04","guid":{"rendered":"https:\/\/centraldeportes.com.ar\/?p=43914"},"modified":"2025-02-12T22:30:37","modified_gmt":"2025-02-13T01:30:37","slug":"gonzalo-aman-debuto-en-la-liga-de-desarrollo-con-penarol","status":"publish","type":"post","link":"https:\/\/cdnoticias.com\/index.php\/2023\/10\/19\/gonzalo-aman-debuto-en-la-liga-de-desarrollo-con-penarol\/","title":{"rendered":"Gonzalo Aman debut\u00f3 en la Liga de Desarrollo con Pe\u00f1arol"},"content":{"rendered":"<p>El juvenil ex Estudiantes sum\u00f3 su primer partido con Pe\u00f1arol en la Liga de Desarrollo y tuvo un interesante aporte.<!--more--><\/p>\n<hr \/>\n<p>El pasado mi\u00e9rcoles, el juvenil de 15 a\u00f1os hizo el debut con el conjunto \u201cMilrayitas\u201d en la Liga de Desarrollo en la victoria sobre Obras 86 a 81.<\/p>\n<p>&nbsp;<\/p>\n<p>En el recinto marplatense, <strong>Aman jug\u00f3 18:30 minutos donde anot\u00f3 5 puntos y reparti\u00f3 3 asistencias.<\/strong><\/p>\n<p>&nbsp;<\/p>\n<p>Vale destacar que el juvenil olavarriense tuvo su debut en una categor\u00eda donde el l\u00edmite de edad es de 23 a\u00f1os.<\/p>\n","protected":false},"excerpt":{"rendered":"<p>El juvenil ex Estudiantes sum\u00f3 su primer partido con Pe\u00f1arol en la Liga de Desarrollo y tuvo un interesante aporte.<\/p>\n","protected":false},"author":96739694,"featured_media":158249,"comment_status":"closed","ping_status":"closed","sticky":false,"template":"","format":"standard","meta":{"_jetpack_memberships_contains_paid_content":false,"footnotes":""},"categories":[31,44,1],"tags":[],"class_list":["post-137790","post","type-post","status-publish","format-standard","has-post-thumbnail","hentry","category-basquet","category-inferiores-basquet","category-portada"],"jetpack_featured_media_url":"https:\/\/i0.wp.com\/cdnoticias.com\/wp-content\/uploads\/2023\/10\/WhatsApp-Image-2023-10-19-at-18.17.37.jpeg?fit=1080%2C718&ssl=1","jetpack_sharing_enabled":true,"_links":{"self":[{"href":"https:\/\/cdnoticias.com\/index.php\/wp-json\/wp\/v2\/posts\/137790","targetHints":{"allow":["GET"]}}],"collection":[{"href":"https:\/\/cdnoticias.com\/index.php\/wp-json\/wp\/v2\/posts"}],"about":[{"href":"https:\/\/cdnoticias.com\/index.php\/wp-json\/wp\/v2\/types\/post"}],"author":[{"embeddable":true,"href":"https:\/\/cdnoticias.com\/index.php\/wp-json\/wp\/v2\/users\/96739694"}],"replies":[{"embeddable":true,"href":"https:\/\/cdnoticias.com\/index.php\/wp-json\/wp\/v2\/comments?post=137790"}],"version-history":[{"count":0,"href":"https:\/\/cdnoticias.com\/index.php\/wp-json\/wp\/v2\/posts\/137790\/revisions"}],"wp:featuredmedia":[{"embeddable":true,"href":"https:\/\/cdnoticias.com\/index.php\/wp-json\/wp\/v2\/media\/158249"}],"wp:attachment":[{"href":"https:\/\/cdnoticias.com\/index.php\/wp-json\/wp\/v2\/media?parent=137790"}],"wp:term":[{"taxonomy":"category","embeddable":true,"href":"https:\/\/cdnoticias.com\/index.php\/wp-json\/wp\/v2\/categories?post=137790"},{"taxonomy":"post_tag","embeddable":true,"href":"https:\/\/cdnoticias.com\/index.php\/wp-json\/wp\/v2\/tags?post=137790"}],"curies":[{"name":"wp","href":"https:\/\/api.w.org\/{rel}","templated":true}]}}